{"id":10747,"date":"2026-04-27T11:51:04","date_gmt":"2026-04-27T09:51:04","guid":{"rendered":"https:\/\/teseo.clal.it\/news\/?p=10747"},"modified":"2026-04-27T11:51:05","modified_gmt":"2026-04-27T09:51:05","slug":"vietnam-boom-delle-importazioni-di-carne-suina","status":"publish","type":"post","link":"https:\/\/teseo.clal.it\/news\/it\/vietnam-boom-delle-importazioni-di-carne-suina\/","title":{"rendered":"Vietnam: boom delle importazioni di carne suina"},"content":{"rendered":"\n<p>Di: Marika De Vincenzi<\/p>\n\n\n\n<p>Nel 2025 il Vietnam conferma la sua centralit\u00e0 nel mercato mondiale della carne suina, con un forte incremento delle <a href=\"https:\/\/teseo.clal.it\/?section=trade-suiniCarni-country&amp;iso=VN&amp;mov=I\">importazioni <\/a>che raggiungono 406.397 tonnellate (+35,5%) per un valore di 746,5 milioni di dollari (+57,5%). Si tratta dei livelli pi\u00f9 alti dal 2019, con una crescita del valore superiore ai volumi, per effetto di un aumento dei prezzi medi di importazione.<\/p>\n\n\n\n<p>Il mercato \u00e8 dominato dalle <strong>carni congelate,<\/strong> dove la <strong>Russia <\/strong>\u00e8 il principale fornitore, seguita da <strong>Brasile <\/strong>e <strong>Spagna<\/strong>, quest\u2019ultima in forte accelerazione. Accanto alle carni, il Vietnam importa anche volumi significativi di <strong>frattaglie <\/strong>(164.135 tonnellate), segmento in cui spiccano <strong>Germania <\/strong>e <strong>Russia<\/strong>, a conferma di una domanda molto sensibile al prezzo e alla tipologia di taglio.<\/p>\n\n\n\n<p>Dietro questi numeri si trova uno dei mercati a pi\u00f9 alta intensit\u00e0 di consumo suinicolo a livello globale: il Vietnam \u00e8 infatti tra i<strong> principali consumatori di carne suina<\/strong>, con livelli <a href=\"https:\/\/teseo.clal.it\/?section=consumi-procapite-carni-suine\">pro capite<\/a> tra i pi\u00f9 elevati a livello internazionale (38,4 kg pro capite, dietro solamente a Corea del Sud, Cina e Ue-27). Una domanda strutturalmente forte, che continua a crescere insieme alla popolazione e all\u2019urbanizzazione.<\/p>\n\n\n\n<p>Sul fronte produttivo, il Paese ha raggiunto circa 5,4 milioni di tonnellate di carne suina e conta un patrimonio superiore ai 30 milioni di capi. Tuttavia, il settore \u00e8 attraversato da una profonda trasformazione: i piccoli allevatori stanno progressivamente uscendo dal mercato, mentre si rafforzano gli operatori industriali integrati. Anche il <a href=\"https:\/\/teseo.clal.it\/?section=atlas-meat-world&amp;c=VM\"><strong>grado di autosufficienza<\/strong> <\/a>\u00e8 elevato, con un ulteriore miglioramento atteso fino al 97,5% nel 2026, ma non ancora sufficiente a ridurre il ricorso alle importazioni.<\/p>\n\n\n\n<p>A rendere il quadro pi\u00f9 complesso contribuisce ancora la Peste Suina Africana, che continua a generare instabilit\u00e0 produttiva e perdita di capi (in passato il Vietnam si \u00e8 avvicinato alla realizzazione di vaccini, mai per\u00f2 sufficientemente efficaci per eradicare la malattia), rendendo le importazioni uno strumento strutturale di equilibrio del mercato.<\/p>\n\n\n\n<p>Nel complesso, il Vietnam si conferma un mercato dinamico, in forte crescita e sempre pi\u00f9 integrato nei flussi globali, dove l\u2019<strong>espansione dell\u2019import<\/strong> convive con una <strong>profonda trasformazione industriale della filiera suinicola<\/strong>.<\/p>\n\n\n<div class=\"wp-block-image\">\n<figure class=\"aligncenter size-full\"><a href=\"https:\/\/teseo.clal.it\/#box-suini-prices\"><img loading=\"lazy\" decoding=\"async\" width=\"447\" height=\"518\" src=\"https:\/\/teseo.clal.it\/news\/wp-content\/uploads\/2026\/04\/image-3.png\" alt=\"\" class=\"wp-image-10748\" srcset=\"https:\/\/teseo.clal.it\/news\/wp-content\/uploads\/2026\/04\/image-3.png 447w, https:\/\/teseo.clal.it\/news\/wp-content\/uploads\/2026\/04\/image-3-259x300.png 259w\" sizes=\"auto, (max-width: 447px) 100vw, 447px\" \/><\/a><figcaption class=\"wp-element-caption\">TESEO.clal.it \u2013 Suini: prezzi dei tagli freschi<\/figcaption><\/figure><\/div>","protected":false},"excerpt":{"rendered":"<p>Di: Marika De Vincenzi Nel 2025 il Vietnam conferma la sua centralit\u00e0 nel mercato mondiale della carne suina, con un forte incremento delle importazioni che raggiungono 406.397 tonnellate (+35,5%) per un valore di 746,5 milioni di dollari (+57,5%). Si tratta dei livelli pi\u00f9 alti dal 2019, con una crescita del valore superiore ai volumi, per &hellip; <a href=\"https:\/\/teseo.clal.it\/news\/it\/vietnam-boom-delle-importazioni-di-carne-suina\/\" class=\"more-link\">Continua a leggere <span class=\"screen-reader-text\">Vietnam: boom delle importazioni di carne suina<\/span><\/a><\/p>\n","protected":false},"author":3,"featured_media":0,"comment_status":"closed","ping_status":"open","sticky":false,"template":"","format":"standard","meta":{"footnotes":""},"categories":[82,1,500,630],"tags":[49],"class_list":["post-10747","post","type-post","status-publish","format-standard","hentry","category-no-rss","category-senza-categoria","category-suini-it","category-vietnam","tag-news-formative"],"yoast_head":"<!-- This site is optimized with the Yoast SEO plugin v25.5 - https:\/\/yoast.com\/wordpress\/plugins\/seo\/ -->\n<title>Vietnam: boom delle importazioni di carne suina - TESEO News<\/title>\n<meta name=\"robots\" content=\"index, follow, max-snippet:-1, max-image-preview:large, max-video-preview:-1\" \/>\n<link rel=\"canonical\" href=\"https:\/\/teseo.clal.it\/news\/it\/vietnam-boom-delle-importazioni-di-carne-suina\/\" \/>\n<meta property=\"og:locale\" content=\"it_IT\" \/>\n<meta property=\"og:type\" content=\"article\" \/>\n<meta property=\"og:title\" content=\"Vietnam: boom delle importazioni di carne suina - TESEO News\" \/>\n<meta property=\"og:description\" content=\"Di: Marika De Vincenzi Nel 2025 il Vietnam conferma la sua centralit\u00e0 nel mercato mondiale della carne suina, con un forte incremento delle importazioni che raggiungono 406.397 tonnellate (+35,5%) per un valore di 746,5 milioni di dollari (+57,5%). Si tratta dei livelli pi\u00f9 alti dal 2019, con una crescita del valore superiore ai volumi, per &hellip; Continua a leggere Vietnam: boom delle importazioni di carne suina\" \/>\n<meta property=\"og:url\" content=\"https:\/\/teseo.clal.it\/news\/it\/vietnam-boom-delle-importazioni-di-carne-suina\/\" \/>\n<meta property=\"og:site_name\" content=\"TESEO News\" \/>\n<meta property=\"article:publisher\" content=\"https:\/\/www.facebook.com\/claldairy\" \/>\n<meta property=\"article:published_time\" content=\"2026-04-27T09:51:04+00:00\" \/>\n<meta property=\"article:modified_time\" content=\"2026-04-27T09:51:05+00:00\" \/>\n<meta property=\"og:image\" content=\"https:\/\/teseo.clal.it\/news\/wp-content\/uploads\/2026\/04\/image-3.png\" \/>\n\t<meta property=\"og:image:width\" content=\"447\" \/>\n\t<meta property=\"og:image:height\" content=\"518\" \/>\n\t<meta property=\"og:image:type\" content=\"image\/png\" \/>\n<meta name=\"author\" content=\"CLAL Team\" \/>\n<meta name=\"twitter:card\" content=\"summary_large_image\" \/>\n<meta name=\"twitter:creator\" content=\"@claldairy_it\" \/>\n<meta name=\"twitter:site\" content=\"@claldairy_it\" \/>\n<meta name=\"twitter:label1\" content=\"Scritto da\" \/>\n\t<meta name=\"twitter:data1\" content=\"CLAL Team\" \/>\n\t<meta name=\"twitter:label2\" content=\"Tempo di lettura stimato\" \/>\n\t<meta name=\"twitter:data2\" content=\"3 minuti\" \/>\n<script type=\"application\/ld+json\" class=\"yoast-schema-graph\">{\"@context\":\"https:\/\/schema.org\",\"@graph\":[{\"@type\":\"WebPage\",\"@id\":\"https:\/\/teseo.clal.it\/news\/it\/vietnam-boom-delle-importazioni-di-carne-suina\/\",\"url\":\"https:\/\/teseo.clal.it\/news\/it\/vietnam-boom-delle-importazioni-di-carne-suina\/\",\"name\":\"Vietnam: boom delle importazioni di carne suina - TESEO News\",\"isPartOf\":{\"@id\":\"https:\/\/teseo.clal.it\/news\/#website\"},\"primaryImageOfPage\":{\"@id\":\"https:\/\/teseo.clal.it\/news\/it\/vietnam-boom-delle-importazioni-di-carne-suina\/#primaryimage\"},\"image\":{\"@id\":\"https:\/\/teseo.clal.it\/news\/it\/vietnam-boom-delle-importazioni-di-carne-suina\/#primaryimage\"},\"thumbnailUrl\":\"https:\/\/teseo.clal.it\/news\/wp-content\/uploads\/2026\/04\/image-3.png\",\"datePublished\":\"2026-04-27T09:51:04+00:00\",\"dateModified\":\"2026-04-27T09:51:05+00:00\",\"author\":{\"@id\":\"https:\/\/teseo.clal.it\/news\/#\/schema\/person\/2fa0435ad88656a2aed2623d9771d0a6\"},\"breadcrumb\":{\"@id\":\"https:\/\/teseo.clal.it\/news\/it\/vietnam-boom-delle-importazioni-di-carne-suina\/#breadcrumb\"},\"inLanguage\":\"it-IT\",\"potentialAction\":[{\"@type\":\"ReadAction\",\"target\":[\"https:\/\/teseo.clal.it\/news\/it\/vietnam-boom-delle-importazioni-di-carne-suina\/\"]}]},{\"@type\":\"ImageObject\",\"inLanguage\":\"it-IT\",\"@id\":\"https:\/\/teseo.clal.it\/news\/it\/vietnam-boom-delle-importazioni-di-carne-suina\/#primaryimage\",\"url\":\"https:\/\/teseo.clal.it\/news\/wp-content\/uploads\/2026\/04\/image-3.png\",\"contentUrl\":\"https:\/\/teseo.clal.it\/news\/wp-content\/uploads\/2026\/04\/image-3.png\",\"width\":447,\"height\":518},{\"@type\":\"BreadcrumbList\",\"@id\":\"https:\/\/teseo.clal.it\/news\/it\/vietnam-boom-delle-importazioni-di-carne-suina\/#breadcrumb\",\"itemListElement\":[{\"@type\":\"ListItem\",\"position\":1,\"name\":\"News\",\"item\":\"https:\/\/teseo.clal.it\/news\/it\/\"},{\"@type\":\"ListItem\",\"position\":2,\"name\":\"Vietnam: boom delle importazioni di carne suina\"}]},{\"@type\":\"WebSite\",\"@id\":\"https:\/\/teseo.clal.it\/news\/#website\",\"url\":\"https:\/\/teseo.clal.it\/news\/\",\"name\":\"TESEO News\",\"description\":\"Le News di TESEO by CLAL.it\",\"potentialAction\":[{\"@type\":\"SearchAction\",\"target\":{\"@type\":\"EntryPoint\",\"urlTemplate\":\"https:\/\/teseo.clal.it\/news\/?s={search_term_string}\"},\"query-input\":{\"@type\":\"PropertyValueSpecification\",\"valueRequired\":true,\"valueName\":\"search_term_string\"}}],\"inLanguage\":\"it-IT\"},{\"@type\":\"Person\",\"@id\":\"https:\/\/teseo.clal.it\/news\/#\/schema\/person\/2fa0435ad88656a2aed2623d9771d0a6\",\"name\":\"CLAL Team\",\"image\":{\"@type\":\"ImageObject\",\"inLanguage\":\"it-IT\",\"@id\":\"https:\/\/teseo.clal.it\/news\/#\/schema\/person\/image\/\",\"url\":\"https:\/\/teseo.clal.it\/news\/wp-content\/uploads\/2026\/04\/spiga_132_20260407_facebook-150x150.png\",\"contentUrl\":\"https:\/\/teseo.clal.it\/news\/wp-content\/uploads\/2026\/04\/spiga_132_20260407_facebook-150x150.png\",\"caption\":\"CLAL Team\"},\"description\":\"Il team CLAL.it \u00e8 composto da giovani che, con l'ausilio dell'Informatica, studiano i fenomeni del mercato lattiero-caseario e sviluppano strumenti per offrire agli Operatori del settore una visione complessiva e in tempo reale dell'andamento dei mercati nazionali e internazionali.\",\"url\":\"https:\/\/teseo.clal.it\/news\/author\/clal-team\/\"}]}<\/script>\n<!-- \/ Yoast SEO plugin. -->","yoast_head_json":{"title":"Vietnam: boom delle importazioni di carne suina - TESEO News","robots":{"index":"index","follow":"follow","max-snippet":"max-snippet:-1","max-image-preview":"max-image-preview:large","max-video-preview":"max-video-preview:-1"},"canonical":"https:\/\/teseo.clal.it\/news\/it\/vietnam-boom-delle-importazioni-di-carne-suina\/","og_locale":"it_IT","og_type":"article","og_title":"Vietnam: boom delle importazioni di carne suina - TESEO News","og_description":"Di: Marika De Vincenzi Nel 2025 il Vietnam conferma la sua centralit\u00e0 nel mercato mondiale della carne suina, con un forte incremento delle importazioni che raggiungono 406.397 tonnellate (+35,5%) per un valore di 746,5 milioni di dollari (+57,5%). Si tratta dei livelli pi\u00f9 alti dal 2019, con una crescita del valore superiore ai volumi, per &hellip; Continua a leggere Vietnam: boom delle importazioni di carne suina","og_url":"https:\/\/teseo.clal.it\/news\/it\/vietnam-boom-delle-importazioni-di-carne-suina\/","og_site_name":"TESEO News","article_publisher":"https:\/\/www.facebook.com\/claldairy","article_published_time":"2026-04-27T09:51:04+00:00","article_modified_time":"2026-04-27T09:51:05+00:00","og_image":[{"width":447,"height":518,"url":"https:\/\/teseo.clal.it\/news\/wp-content\/uploads\/2026\/04\/image-3.png","type":"image\/png"}],"author":"CLAL Team","twitter_card":"summary_large_image","twitter_creator":"@claldairy_it","twitter_site":"@claldairy_it","twitter_misc":{"Scritto da":"CLAL Team","Tempo di lettura stimato":"3 minuti"},"schema":{"@context":"https:\/\/schema.org","@graph":[{"@type":"WebPage","@id":"https:\/\/teseo.clal.it\/news\/it\/vietnam-boom-delle-importazioni-di-carne-suina\/","url":"https:\/\/teseo.clal.it\/news\/it\/vietnam-boom-delle-importazioni-di-carne-suina\/","name":"Vietnam: boom delle importazioni di carne suina - TESEO News","isPartOf":{"@id":"https:\/\/teseo.clal.it\/news\/#website"},"primaryImageOfPage":{"@id":"https:\/\/teseo.clal.it\/news\/it\/vietnam-boom-delle-importazioni-di-carne-suina\/#primaryimage"},"image":{"@id":"https:\/\/teseo.clal.it\/news\/it\/vietnam-boom-delle-importazioni-di-carne-suina\/#primaryimage"},"thumbnailUrl":"https:\/\/teseo.clal.it\/news\/wp-content\/uploads\/2026\/04\/image-3.png","datePublished":"2026-04-27T09:51:04+00:00","dateModified":"2026-04-27T09:51:05+00:00","author":{"@id":"https:\/\/teseo.clal.it\/news\/#\/schema\/person\/2fa0435ad88656a2aed2623d9771d0a6"},"breadcrumb":{"@id":"https:\/\/teseo.clal.it\/news\/it\/vietnam-boom-delle-importazioni-di-carne-suina\/#breadcrumb"},"inLanguage":"it-IT","potentialAction":[{"@type":"ReadAction","target":["https:\/\/teseo.clal.it\/news\/it\/vietnam-boom-delle-importazioni-di-carne-suina\/"]}]},{"@type":"ImageObject","inLanguage":"it-IT","@id":"https:\/\/teseo.clal.it\/news\/it\/vietnam-boom-delle-importazioni-di-carne-suina\/#primaryimage","url":"https:\/\/teseo.clal.it\/news\/wp-content\/uploads\/2026\/04\/image-3.png","contentUrl":"https:\/\/teseo.clal.it\/news\/wp-content\/uploads\/2026\/04\/image-3.png","width":447,"height":518},{"@type":"BreadcrumbList","@id":"https:\/\/teseo.clal.it\/news\/it\/vietnam-boom-delle-importazioni-di-carne-suina\/#breadcrumb","itemListElement":[{"@type":"ListItem","position":1,"name":"News","item":"https:\/\/teseo.clal.it\/news\/it\/"},{"@type":"ListItem","position":2,"name":"Vietnam: boom delle importazioni di carne suina"}]},{"@type":"WebSite","@id":"https:\/\/teseo.clal.it\/news\/#website","url":"https:\/\/teseo.clal.it\/news\/","name":"TESEO News","description":"Le News di TESEO by CLAL.it","potentialAction":[{"@type":"SearchAction","target":{"@type":"EntryPoint","urlTemplate":"https:\/\/teseo.clal.it\/news\/?s={search_term_string}"},"query-input":{"@type":"PropertyValueSpecification","valueRequired":true,"valueName":"search_term_string"}}],"inLanguage":"it-IT"},{"@type":"Person","@id":"https:\/\/teseo.clal.it\/news\/#\/schema\/person\/2fa0435ad88656a2aed2623d9771d0a6","name":"CLAL Team","image":{"@type":"ImageObject","inLanguage":"it-IT","@id":"https:\/\/teseo.clal.it\/news\/#\/schema\/person\/image\/","url":"https:\/\/teseo.clal.it\/news\/wp-content\/uploads\/2026\/04\/spiga_132_20260407_facebook-150x150.png","contentUrl":"https:\/\/teseo.clal.it\/news\/wp-content\/uploads\/2026\/04\/spiga_132_20260407_facebook-150x150.png","caption":"CLAL Team"},"description":"Il team CLAL.it \u00e8 composto da giovani che, con l'ausilio dell'Informatica, studiano i fenomeni del mercato lattiero-caseario e sviluppano strumenti per offrire agli Operatori del settore una visione complessiva e in tempo reale dell'andamento dei mercati nazionali e internazionali.","url":"https:\/\/teseo.clal.it\/news\/author\/clal-team\/"}]}},"_links":{"self":[{"href":"https:\/\/teseo.clal.it\/news\/wp-json\/wp\/v2\/posts\/10747","targetHints":{"allow":["GET"]}}],"collection":[{"href":"https:\/\/teseo.clal.it\/news\/wp-json\/wp\/v2\/posts"}],"about":[{"href":"https:\/\/teseo.clal.it\/news\/wp-json\/wp\/v2\/types\/post"}],"author":[{"embeddable":true,"href":"https:\/\/teseo.clal.it\/news\/wp-json\/wp\/v2\/users\/3"}],"replies":[{"embeddable":true,"href":"https:\/\/teseo.clal.it\/news\/wp-json\/wp\/v2\/comments?post=10747"}],"version-history":[{"count":1,"href":"https:\/\/teseo.clal.it\/news\/wp-json\/wp\/v2\/posts\/10747\/revisions"}],"predecessor-version":[{"id":10749,"href":"https:\/\/teseo.clal.it\/news\/wp-json\/wp\/v2\/posts\/10747\/revisions\/10749"}],"wp:attachment":[{"href":"https:\/\/teseo.clal.it\/news\/wp-json\/wp\/v2\/media?parent=10747"}],"wp:term":[{"taxonomy":"category","embeddable":true,"href":"https:\/\/teseo.clal.it\/news\/wp-json\/wp\/v2\/categories?post=10747"},{"taxonomy":"post_tag","embeddable":true,"href":"https:\/\/teseo.clal.it\/news\/wp-json\/wp\/v2\/tags?post=10747"}],"curies":[{"name":"wp","href":"https:\/\/api.w.org\/{rel}","templated":true}]}}