{"id":10750,"date":"2026-04-30T11:24:42","date_gmt":"2026-04-30T09:24:42","guid":{"rendered":"https:\/\/teseo.clal.it\/news\/?p=10750"},"modified":"2026-04-30T12:27:24","modified_gmt":"2026-04-30T10:27:24","slug":"quelle-del-latte-fare-rete-per-crescere-intervista-a-paola-aguzzi-presidente","status":"publish","type":"post","link":"https:\/\/teseo.clal.it\/news\/it\/quelle-del-latte-fare-rete-per-crescere-intervista-a-paola-aguzzi-presidente\/","title":{"rendered":"Quelle del Latte: fare rete per crescere [Intervista a Paola Aguzzi, Presidente]"},"content":{"rendered":"<p style=\"display:none\"><strong>Paola Aguzzi<\/strong><br \/><a href=\"https:\/\/www.facebook.com\/QuelledelLatte\/\" target=\"_blank\" rel=\"noreferrer noopener\">Quelle del Latte<\/a><\/p>\n<div class=\"wp-block-image\">\n<figure class=\"alignright size-full is-resized\"><img loading=\"lazy\" decoding=\"async\" width=\"746\" height=\"746\" src=\"https:\/\/teseo.clal.it\/news\/wp-content\/uploads\/2026\/04\/paola-aguzzi.jpg\" alt=\"\" class=\"wp-image-10755\" style=\"object-fit:cover;width:300px;height:300px\" srcset=\"https:\/\/teseo.clal.it\/news\/wp-content\/uploads\/2026\/04\/paola-aguzzi.jpg 746w, https:\/\/teseo.clal.it\/news\/wp-content\/uploads\/2026\/04\/paola-aguzzi-300x300.jpg 300w, https:\/\/teseo.clal.it\/news\/wp-content\/uploads\/2026\/04\/paola-aguzzi-150x150.jpg 150w\" sizes=\"auto, (max-width: 746px) 100vw, 746px\" \/><figcaption class=\"wp-element-caption\">Paola Aguzzi &#8211; Presidente dell&#8217;Associazione <em>Quelle del Latte<\/em><\/figcaption><\/figure><\/div>\n\n\n<p><em>Abbiamo seguito con curiosit\u00e0 lo sviluppo di \u201cQuelle del Latte\u201d, una rete di professioniste attive nel settore della zootecnia da latte italiana, che sta contribuendo a dare voce, visibilit\u00e0 e connessione alle donne del comparto. Per conoscerla meglio abbiamo intervistato la presidente, <strong>Paola Aguzzi<\/strong>, figura di riferimento dell\u2019iniziativa.<\/em><\/p>\n\n\n\n<p><strong>Gentile Paola, qual \u00e8 la sua professione, e dove la svolge?<\/strong><\/p>\n\n\n\n<p>Mi definisco una farm manager. Ho lavorato in diverse aziende e in varie province e attualmente opero presso l\u2019azienda del Cavaliere del Lavoro Finato Martinati Venier Guido, a Verona, nel ruolo di direttore. Il mio lavoro \u00e8 complesso: oltre a gestire la stalla come \u201ccapo stalla\u201d, sono responsabile delle scelte agricole e degli investimenti. L\u2019azienda \u00e8 articolata in pi\u00f9 settori (latte, biogas, terreni, biologico), quindi serve una figura che coordini l\u2019insieme delle attivit\u00e0 e che si interfacci costantemente con l\u2019amministrazione e con i programmi della propriet\u00e0.&nbsp;<\/p><\/p>\n\n\n\n<p><strong>Generalmente, perch\u00e9 una professionista decide di far parte di QdL? E cosa vi trova, poi?<\/strong><\/p>\n\n\n\n<p><div class=\"perfect-pullquote vcard pullquote-align-right pullquote-border-placement-left\"><blockquote><p>Evolvere in un contesto di \u201ccensura\u201d <\/p><\/blockquote><\/div><p>\nQdL \u00e8 un luogo che accoglie le fragilit\u00e0, spesso nascoste. \u00c8 uno spazio in cui si parla una lingua comune, quella delle donne che lavorano in questo settore. Si ascoltano esperienze che rispecchiano il proprio vissuto e si ritrovano competenze, calore e forza, che a volte si possiedono gi\u00e0 senza esserne pienamente consapevoli. \u00c8 condivisione e aspirazione, \u00e8 un modo per evolvere in un contesto in cui spesso le donne in zootecnia sono censite e \u201crinchiuse\u201d.&nbsp;<\/p><\/p>\n\n\n\n<p><strong>Qual \u00e8 stato l\u2019impulso determinante per la nascita di \u201cQuelle del Latte\u201d?<\/strong><\/p>\n\n\n\n<p>QdL \u00e8 nata a casa mia, una sera di febbraio 2023. Dopo un passaparola, una quindicina di donne del settore zootecnico \u2013 veterinari, allevatrici, tecnici e coadiuvanti \u2013 si \u00e8 riunita a cena. Parlando, abbiamo scoperto di avere molto in comune: le donne in questo settore occupano spesso ruoli marginali, di contorno, ma raramente decisionali o visibili. Siamo spesso identificate come \u201cla moglie di\u201d, \u201cla sorella di\u201d, \u201cla figlia di\u201d, \u201cl\u2019assistente di\u2026\u201d, senza una reale identit\u00e0 riconosciuta e senza voce. L\u2019obiettivo \u00e8 stato creare uno spazio in cui a parlare in prima persona fossero le donne, superando quello che definisco un vero e proprio \u201ctetto di cristallo\u201d.&nbsp;<\/p>\n\n\n\n<p><strong>Secondo le esperienze di condivisione professionale fatte in QdL, quali ritiene siano i principali ostacoli ad una completa valorizzazione delle professioniste di sesso femminile in ambito allevatoriale oggi? Qualcosa sta cambiando?<\/strong><\/p>\n\n\n\n<p>L\u2019ostacolo principale, anche se lentamente le cose stanno cambiando, \u00e8 confrontarsi con un ambiente ancora fortemente \u201cpatriarcale\u201d e riuscire a emergere con la stessa assertivit\u00e0 e considerazione degli uomini. Nessuno mette in dubbio le competenze maschili, mentre una donna deve spesso dimostrare continuamente le proprie.&nbsp;<\/p>\n\n\n\n<p><strong>Nell\u2019Allevamento da Latte, anche la concezione che le donne hanno di s\u00e9 sta cambiando?<\/strong><\/p>\n\n\n\n<p>S\u00ec, le donne stanno sviluppando una diversa consapevolezza di s\u00e9, delle proprie capacit\u00e0 e una determinazione che spesso l\u2019altro sesso non manifesta con la stessa intensit\u00e0.&nbsp;<\/p>\n\n\n\n<p><strong>Perch\u00e9 \u00e8 cos\u00ec importante la cura della persona, anche emotiva, in ambito lavorativo?<\/strong><\/p>\n\n\n\n<p>Il nostro \u00e8 un ambiente fortemente stressante: viviamo quotidianamente un lavoro ad alto carico emotivo e decisionale, a contatto con situazioni complesse legate alla gestione del benessere animale e della produzione. Inoltre, il settore non ha potere contrattuale: ci\u00f2 che acquista \u00e8 dettato dal mercato, mentre ci\u00f2 che vende, essendo una commodity, \u00e8 deciso da chi compra. I margini di guadagno sono spesso ridotti o inesistenti e questa incertezza logora.&nbsp;<\/p>\n\n\n\n<p><strong>QdL organizza incontri di varia natura, anche con contenuti tecnici. Avvertite una carenza di offerta formativa per il mondo allevatoriale italiano?<\/strong><\/p>\n\n\n\n<p><div class=\"perfect-pullquote vcard pullquote-align-right pullquote-border-placement-left\"><blockquote><p>Aggiornarsi per innovare in stalla <\/p><\/blockquote><\/div><p>Organizziamo anche incontri tecnici, in cui il numero ridotto di partecipanti favorisce domande e discussione. Sono incontri tenuti da esperti del settore, mai banali e senza finalit\u00e0 commerciali.&nbsp;<\/p><\/p>\n\n\n\n<p>Abbiamo affrontato temi come:<\/p>\n\n\n\n<ul class=\"wp-block-list\">\n<li>\u201cOne welfare\u201d e benessere in stalla<\/li>\n\n\n\n<li>Lettura dell\u2019estratto conto bancario e valutazione di prestiti e mutui<\/li>\n\n\n\n<li>Il potere dei mitocondri<\/li>\n\n\n\n<li>Come ci percepiscono le vacche e il loro modo di ragionare<\/li>\n\n\n\n<li>Il valore del tempo e i tempi delle donne nell\u2019orologio biologico della natura<\/li>\n\n\n\n<li>Welfare ambientale e carbon footprint<\/li>\n\n\n\n<li>Fermentazioni e gestione dell\u2019insilato<\/li>\n\n\n\n<li>\u201cFar parlare i numeri\u201d per le scelte aziendali<\/li>\n\n\n\n<li>Costo del litro di latte<\/li>\n\n\n\n<li>Fare rete e comunicare con l\u2019Europa (\u201cVox Demeter\u201d, \u201cLes Elles de la Terre\u201d)<\/li>\n<\/ul>\n\n\n\n<p>\u00c8 inoltre in corso il progetto <em>\u201cLa cura oltre la stanza\u201d<\/em>, dedicato alla cura psicologica, alla consapevolezza dell\u2019essere, alla gestione di paure, solitudine e rabbia. Prevede incontri aperti a tutti con psicologhe e un percorso di supporto anche individuale. \u00c8 aperto a tutti perch\u00e9 \u00e8 un tema che riguarda tutti.<\/p>\n\n\n\n<p>Parteciperemo inoltre al Food&amp;Science Festival di Mantova con l\u2019incontro <em>\u201cChi parla per la terra? La voce delle donne del mondo\u201d<\/em>, nell\u2019anno dedicato dalla FAO alla donna rurale.&nbsp;<\/p>\n\n\n\n<p><strong>In un\u2019agricoltura che fatica a \u201cconquistare\u201d lavoratori, Il valore delle donne \u00e8 soltanto numerico? Oppure c\u2019\u00e8 del valore nella diversit\u00e0, anche in questo ambito?<\/strong><\/p>\n\n\n\n<p><div class=\"perfect-pullquote vcard pullquote-align-right pullquote-border-placement-left\"><blockquote><p>Non solo forza, ma anche entusiasmo e collaborazione<\/p><\/blockquote><\/div><p>\nL\u2019agricoltura fatica ad attrarre lavoratori, ma le donne sono naturalmente vicine a questo mondo: allevare e coltivare fa parte del loro \u201cDNA\u201d, dato che storicamente hanno iniziato proprio loro a seminare e ad addomesticare gli animali. Oggi il settore non richiede solo forza fisica, ma resilienza, entusiasmo e collaborazione.<\/p><\/p>\n\n\n\n<p>Il valore della diversit\u00e0 di genere \u00e8 reale: esistono sensibilit\u00e0 e approcci differenti, non uniformi, pi\u00f9 pratici e capaci di gestire pi\u00f9 situazioni contemporaneamente. Tuttavia, il cambiamento deve essere anche sociale: le donne non devono pi\u00f9 essere costrette a scegliere tra lavoro, carriera e famiglia, ma poterle conciliare. \u00c8 un impegno collettivo. Abbiamo bisogno di professioniste competenti, ma anche di bambini, perch\u00e9 la denatalit\u00e0 \u00e8 un problema serio, e di donne serene, che possano guardare al futuro con fiducia.<\/p>\n","protected":false},"excerpt":{"rendered":"<p>Paola AguzziQuelle del Latte Abbiamo seguito con curiosit\u00e0 lo sviluppo di \u201cQuelle del Latte\u201d, una rete di professioniste attive nel settore della zootecnia da latte italiana, che sta contribuendo a dare voce, visibilit\u00e0 e connessione alle donne del comparto. Per conoscerla meglio abbiamo intervistato la presidente, Paola Aguzzi, figura di riferimento dell\u2019iniziativa. Gentile Paola, qual &hellip; <a href=\"https:\/\/teseo.clal.it\/news\/it\/quelle-del-latte-fare-rete-per-crescere-intervista-a-paola-aguzzi-presidente\/\" class=\"more-link\">Continua a leggere <span class=\"screen-reader-text\">Quelle del Latte: fare rete per crescere [Intervista a Paola Aguzzi, Presidente]<\/span><\/a><\/p>\n","protected":false},"author":3,"featured_media":0,"comment_status":"closed","ping_status":"open","sticky":false,"template":"","format":"standard","meta":{"footnotes":""},"categories":[86,3],"tags":[52],"class_list":["post-10750","post","type-post","status-publish","format-standard","hentry","category-agricoltura","category-allevamento","tag-intervista"],"yoast_head":"<!-- This site is optimized with the Yoast SEO plugin v25.5 - https:\/\/yoast.com\/wordpress\/plugins\/seo\/ -->\n<title>Quelle del Latte: fare rete per crescere [Intervista a Paola Aguzzi, Presidente] - TESEO News<\/title>\n<meta name=\"robots\" content=\"index, follow, max-snippet:-1, max-image-preview:large, max-video-preview:-1\" \/>\n<link rel=\"canonical\" href=\"https:\/\/teseo.clal.it\/news\/it\/quelle-del-latte-fare-rete-per-crescere-intervista-a-paola-aguzzi-presidente\/\" \/>\n<meta property=\"og:locale\" content=\"it_IT\" \/>\n<meta property=\"og:type\" content=\"article\" \/>\n<meta property=\"og:title\" content=\"Quelle del Latte: fare rete per crescere [Intervista a Paola Aguzzi, Presidente] - TESEO News\" \/>\n<meta property=\"og:description\" content=\"Paola AguzziQuelle del Latte Abbiamo seguito con curiosit\u00e0 lo sviluppo di \u201cQuelle del Latte\u201d, una rete di professioniste attive nel settore della zootecnia da latte italiana, che sta contribuendo a dare voce, visibilit\u00e0 e connessione alle donne del comparto. Per conoscerla meglio abbiamo intervistato la presidente, Paola Aguzzi, figura di riferimento dell\u2019iniziativa. Gentile Paola, qual &hellip; Continua a leggere Quelle del Latte: fare rete per crescere [Intervista a Paola Aguzzi, Presidente]\" \/>\n<meta property=\"og:url\" content=\"https:\/\/teseo.clal.it\/news\/it\/quelle-del-latte-fare-rete-per-crescere-intervista-a-paola-aguzzi-presidente\/\" \/>\n<meta property=\"og:site_name\" content=\"TESEO News\" \/>\n<meta property=\"article:publisher\" content=\"https:\/\/www.facebook.com\/claldairy\" \/>\n<meta property=\"article:published_time\" content=\"2026-04-30T09:24:42+00:00\" \/>\n<meta property=\"article:modified_time\" content=\"2026-04-30T10:27:24+00:00\" \/>\n<meta property=\"og:image\" content=\"https:\/\/teseo.clal.it\/news\/wp-content\/uploads\/2026\/04\/paola-aguzzi.jpg\" \/>\n\t<meta property=\"og:image:width\" content=\"746\" \/>\n\t<meta property=\"og:image:height\" content=\"746\" \/>\n\t<meta property=\"og:image:type\" content=\"image\/jpeg\" \/>\n<meta name=\"author\" content=\"CLAL Team\" \/>\n<meta name=\"twitter:card\" content=\"summary_large_image\" \/>\n<meta name=\"twitter:creator\" content=\"@claldairy_it\" \/>\n<meta name=\"twitter:site\" content=\"@claldairy_it\" \/>\n<meta name=\"twitter:label1\" content=\"Scritto da\" \/>\n\t<meta name=\"twitter:data1\" content=\"CLAL Team\" \/>\n\t<meta name=\"twitter:label2\" content=\"Tempo di lettura stimato\" \/>\n\t<meta name=\"twitter:data2\" content=\"6 minuti\" \/>\n<script type=\"application\/ld+json\" class=\"yoast-schema-graph\">{\"@context\":\"https:\/\/schema.org\",\"@graph\":[{\"@type\":\"WebPage\",\"@id\":\"https:\/\/teseo.clal.it\/news\/it\/quelle-del-latte-fare-rete-per-crescere-intervista-a-paola-aguzzi-presidente\/\",\"url\":\"https:\/\/teseo.clal.it\/news\/it\/quelle-del-latte-fare-rete-per-crescere-intervista-a-paola-aguzzi-presidente\/\",\"name\":\"Quelle del Latte: fare rete per crescere [Intervista a Paola Aguzzi, Presidente] - TESEO News\",\"isPartOf\":{\"@id\":\"https:\/\/teseo.clal.it\/news\/#website\"},\"primaryImageOfPage\":{\"@id\":\"https:\/\/teseo.clal.it\/news\/it\/quelle-del-latte-fare-rete-per-crescere-intervista-a-paola-aguzzi-presidente\/#primaryimage\"},\"image\":{\"@id\":\"https:\/\/teseo.clal.it\/news\/it\/quelle-del-latte-fare-rete-per-crescere-intervista-a-paola-aguzzi-presidente\/#primaryimage\"},\"thumbnailUrl\":\"https:\/\/teseo.clal.it\/news\/wp-content\/uploads\/2026\/04\/paola-aguzzi.jpg\",\"datePublished\":\"2026-04-30T09:24:42+00:00\",\"dateModified\":\"2026-04-30T10:27:24+00:00\",\"author\":{\"@id\":\"https:\/\/teseo.clal.it\/news\/#\/schema\/person\/2fa0435ad88656a2aed2623d9771d0a6\"},\"breadcrumb\":{\"@id\":\"https:\/\/teseo.clal.it\/news\/it\/quelle-del-latte-fare-rete-per-crescere-intervista-a-paola-aguzzi-presidente\/#breadcrumb\"},\"inLanguage\":\"it-IT\",\"potentialAction\":[{\"@type\":\"ReadAction\",\"target\":[\"https:\/\/teseo.clal.it\/news\/it\/quelle-del-latte-fare-rete-per-crescere-intervista-a-paola-aguzzi-presidente\/\"]}]},{\"@type\":\"ImageObject\",\"inLanguage\":\"it-IT\",\"@id\":\"https:\/\/teseo.clal.it\/news\/it\/quelle-del-latte-fare-rete-per-crescere-intervista-a-paola-aguzzi-presidente\/#primaryimage\",\"url\":\"https:\/\/teseo.clal.it\/news\/wp-content\/uploads\/2026\/04\/paola-aguzzi.jpg\",\"contentUrl\":\"https:\/\/teseo.clal.it\/news\/wp-content\/uploads\/2026\/04\/paola-aguzzi.jpg\",\"width\":746,\"height\":746},{\"@type\":\"BreadcrumbList\",\"@id\":\"https:\/\/teseo.clal.it\/news\/it\/quelle-del-latte-fare-rete-per-crescere-intervista-a-paola-aguzzi-presidente\/#breadcrumb\",\"itemListElement\":[{\"@type\":\"ListItem\",\"position\":1,\"name\":\"News\",\"item\":\"https:\/\/teseo.clal.it\/news\/it\/\"},{\"@type\":\"ListItem\",\"position\":2,\"name\":\"Quelle del Latte: fare rete per crescere [Intervista a Paola Aguzzi, Presidente]\"}]},{\"@type\":\"WebSite\",\"@id\":\"https:\/\/teseo.clal.it\/news\/#website\",\"url\":\"https:\/\/teseo.clal.it\/news\/\",\"name\":\"TESEO News\",\"description\":\"Le News di TESEO by CLAL.it\",\"potentialAction\":[{\"@type\":\"SearchAction\",\"target\":{\"@type\":\"EntryPoint\",\"urlTemplate\":\"https:\/\/teseo.clal.it\/news\/?s={search_term_string}\"},\"query-input\":{\"@type\":\"PropertyValueSpecification\",\"valueRequired\":true,\"valueName\":\"search_term_string\"}}],\"inLanguage\":\"it-IT\"},{\"@type\":\"Person\",\"@id\":\"https:\/\/teseo.clal.it\/news\/#\/schema\/person\/2fa0435ad88656a2aed2623d9771d0a6\",\"name\":\"CLAL Team\",\"image\":{\"@type\":\"ImageObject\",\"inLanguage\":\"it-IT\",\"@id\":\"https:\/\/teseo.clal.it\/news\/#\/schema\/person\/image\/\",\"url\":\"https:\/\/teseo.clal.it\/news\/wp-content\/uploads\/2026\/04\/spiga_132_20260407_facebook-150x150.png\",\"contentUrl\":\"https:\/\/teseo.clal.it\/news\/wp-content\/uploads\/2026\/04\/spiga_132_20260407_facebook-150x150.png\",\"caption\":\"CLAL Team\"},\"description\":\"Il team CLAL.it \u00e8 composto da giovani che, con l'ausilio dell'Informatica, studiano i fenomeni del mercato lattiero-caseario e sviluppano strumenti per offrire agli Operatori del settore una visione complessiva e in tempo reale dell'andamento dei mercati nazionali e internazionali.\",\"url\":\"https:\/\/teseo.clal.it\/news\/author\/clal-team\/\"}]}<\/script>\n<!-- \/ Yoast SEO plugin. -->","yoast_head_json":{"title":"Quelle del Latte: fare rete per crescere [Intervista a Paola Aguzzi, Presidente] - TESEO News","robots":{"index":"index","follow":"follow","max-snippet":"max-snippet:-1","max-image-preview":"max-image-preview:large","max-video-preview":"max-video-preview:-1"},"canonical":"https:\/\/teseo.clal.it\/news\/it\/quelle-del-latte-fare-rete-per-crescere-intervista-a-paola-aguzzi-presidente\/","og_locale":"it_IT","og_type":"article","og_title":"Quelle del Latte: fare rete per crescere [Intervista a Paola Aguzzi, Presidente] - TESEO News","og_description":"Paola AguzziQuelle del Latte Abbiamo seguito con curiosit\u00e0 lo sviluppo di \u201cQuelle del Latte\u201d, una rete di professioniste attive nel settore della zootecnia da latte italiana, che sta contribuendo a dare voce, visibilit\u00e0 e connessione alle donne del comparto. Per conoscerla meglio abbiamo intervistato la presidente, Paola Aguzzi, figura di riferimento dell\u2019iniziativa. Gentile Paola, qual &hellip; Continua a leggere Quelle del Latte: fare rete per crescere [Intervista a Paola Aguzzi, Presidente]","og_url":"https:\/\/teseo.clal.it\/news\/it\/quelle-del-latte-fare-rete-per-crescere-intervista-a-paola-aguzzi-presidente\/","og_site_name":"TESEO News","article_publisher":"https:\/\/www.facebook.com\/claldairy","article_published_time":"2026-04-30T09:24:42+00:00","article_modified_time":"2026-04-30T10:27:24+00:00","og_image":[{"width":746,"height":746,"url":"https:\/\/teseo.clal.it\/news\/wp-content\/uploads\/2026\/04\/paola-aguzzi.jpg","type":"image\/jpeg"}],"author":"CLAL Team","twitter_card":"summary_large_image","twitter_creator":"@claldairy_it","twitter_site":"@claldairy_it","twitter_misc":{"Scritto da":"CLAL Team","Tempo di lettura stimato":"6 minuti"},"schema":{"@context":"https:\/\/schema.org","@graph":[{"@type":"WebPage","@id":"https:\/\/teseo.clal.it\/news\/it\/quelle-del-latte-fare-rete-per-crescere-intervista-a-paola-aguzzi-presidente\/","url":"https:\/\/teseo.clal.it\/news\/it\/quelle-del-latte-fare-rete-per-crescere-intervista-a-paola-aguzzi-presidente\/","name":"Quelle del Latte: fare rete per crescere [Intervista a Paola Aguzzi, Presidente] - TESEO News","isPartOf":{"@id":"https:\/\/teseo.clal.it\/news\/#website"},"primaryImageOfPage":{"@id":"https:\/\/teseo.clal.it\/news\/it\/quelle-del-latte-fare-rete-per-crescere-intervista-a-paola-aguzzi-presidente\/#primaryimage"},"image":{"@id":"https:\/\/teseo.clal.it\/news\/it\/quelle-del-latte-fare-rete-per-crescere-intervista-a-paola-aguzzi-presidente\/#primaryimage"},"thumbnailUrl":"https:\/\/teseo.clal.it\/news\/wp-content\/uploads\/2026\/04\/paola-aguzzi.jpg","datePublished":"2026-04-30T09:24:42+00:00","dateModified":"2026-04-30T10:27:24+00:00","author":{"@id":"https:\/\/teseo.clal.it\/news\/#\/schema\/person\/2fa0435ad88656a2aed2623d9771d0a6"},"breadcrumb":{"@id":"https:\/\/teseo.clal.it\/news\/it\/quelle-del-latte-fare-rete-per-crescere-intervista-a-paola-aguzzi-presidente\/#breadcrumb"},"inLanguage":"it-IT","potentialAction":[{"@type":"ReadAction","target":["https:\/\/teseo.clal.it\/news\/it\/quelle-del-latte-fare-rete-per-crescere-intervista-a-paola-aguzzi-presidente\/"]}]},{"@type":"ImageObject","inLanguage":"it-IT","@id":"https:\/\/teseo.clal.it\/news\/it\/quelle-del-latte-fare-rete-per-crescere-intervista-a-paola-aguzzi-presidente\/#primaryimage","url":"https:\/\/teseo.clal.it\/news\/wp-content\/uploads\/2026\/04\/paola-aguzzi.jpg","contentUrl":"https:\/\/teseo.clal.it\/news\/wp-content\/uploads\/2026\/04\/paola-aguzzi.jpg","width":746,"height":746},{"@type":"BreadcrumbList","@id":"https:\/\/teseo.clal.it\/news\/it\/quelle-del-latte-fare-rete-per-crescere-intervista-a-paola-aguzzi-presidente\/#breadcrumb","itemListElement":[{"@type":"ListItem","position":1,"name":"News","item":"https:\/\/teseo.clal.it\/news\/it\/"},{"@type":"ListItem","position":2,"name":"Quelle del Latte: fare rete per crescere [Intervista a Paola Aguzzi, Presidente]"}]},{"@type":"WebSite","@id":"https:\/\/teseo.clal.it\/news\/#website","url":"https:\/\/teseo.clal.it\/news\/","name":"TESEO News","description":"Le News di TESEO by CLAL.it","potentialAction":[{"@type":"SearchAction","target":{"@type":"EntryPoint","urlTemplate":"https:\/\/teseo.clal.it\/news\/?s={search_term_string}"},"query-input":{"@type":"PropertyValueSpecification","valueRequired":true,"valueName":"search_term_string"}}],"inLanguage":"it-IT"},{"@type":"Person","@id":"https:\/\/teseo.clal.it\/news\/#\/schema\/person\/2fa0435ad88656a2aed2623d9771d0a6","name":"CLAL Team","image":{"@type":"ImageObject","inLanguage":"it-IT","@id":"https:\/\/teseo.clal.it\/news\/#\/schema\/person\/image\/","url":"https:\/\/teseo.clal.it\/news\/wp-content\/uploads\/2026\/04\/spiga_132_20260407_facebook-150x150.png","contentUrl":"https:\/\/teseo.clal.it\/news\/wp-content\/uploads\/2026\/04\/spiga_132_20260407_facebook-150x150.png","caption":"CLAL Team"},"description":"Il team CLAL.it \u00e8 composto da giovani che, con l'ausilio dell'Informatica, studiano i fenomeni del mercato lattiero-caseario e sviluppano strumenti per offrire agli Operatori del settore una visione complessiva e in tempo reale dell'andamento dei mercati nazionali e internazionali.","url":"https:\/\/teseo.clal.it\/news\/author\/clal-team\/"}]}},"_links":{"self":[{"href":"https:\/\/teseo.clal.it\/news\/wp-json\/wp\/v2\/posts\/10750","targetHints":{"allow":["GET"]}}],"collection":[{"href":"https:\/\/teseo.clal.it\/news\/wp-json\/wp\/v2\/posts"}],"about":[{"href":"https:\/\/teseo.clal.it\/news\/wp-json\/wp\/v2\/types\/post"}],"author":[{"embeddable":true,"href":"https:\/\/teseo.clal.it\/news\/wp-json\/wp\/v2\/users\/3"}],"replies":[{"embeddable":true,"href":"https:\/\/teseo.clal.it\/news\/wp-json\/wp\/v2\/comments?post=10750"}],"version-history":[{"count":11,"href":"https:\/\/teseo.clal.it\/news\/wp-json\/wp\/v2\/posts\/10750\/revisions"}],"predecessor-version":[{"id":10764,"href":"https:\/\/teseo.clal.it\/news\/wp-json\/wp\/v2\/posts\/10750\/revisions\/10764"}],"wp:attachment":[{"href":"https:\/\/teseo.clal.it\/news\/wp-json\/wp\/v2\/media?parent=10750"}],"wp:term":[{"taxonomy":"category","embeddable":true,"href":"https:\/\/teseo.clal.it\/news\/wp-json\/wp\/v2\/categories?post=10750"},{"taxonomy":"post_tag","embeddable":true,"href":"https:\/\/teseo.clal.it\/news\/wp-json\/wp\/v2\/tags?post=10750"}],"curies":[{"name":"wp","href":"https:\/\/api.w.org\/{rel}","templated":true}]}}