{"id":3188,"date":"2019-01-17T11:10:42","date_gmt":"2019-01-17T10:10:42","guid":{"rendered":"https:\/\/teseo.clal.it\/news\/?p=3188"},"modified":"2019-01-17T15:36:14","modified_gmt":"2019-01-17T14:36:14","slug":"filiere-e-prodotti-etici-col-progetto-latte-dop-italia-intervista-a-verrascina-copagri","status":"publish","type":"post","link":"https:\/\/teseo.clal.it\/news\/it\/filiere-e-prodotti-etici-col-progetto-latte-dop-italia-intervista-a-verrascina-copagri\/","title":{"rendered":"Filiere e prodotti etici col progetto Latte Dop Italia [intervista a Verrascina &#8211; Copagri]"},"content":{"rendered":"<figure id=\"attachment_3189\" aria-describedby=\"caption-attachment-3189\" style=\"width: 286px\" class=\"wp-caption alignright\"><a href=\"https:\/\/teseo.clal.it\/news\/wp-content\/uploads\/2019\/01\/COPAGRIVERT.jpg\" data-rel=\"lightbox-gallery-3IZokzNQ\" data-rl_title=\"Franco Verrascina\" data-rl_caption=\"\" title=\"Franco Verrascina\"><img loading=\"lazy\" decoding=\"async\" class=\" wp-image-3189\" src=\"https:\/\/teseo.clal.it\/news\/wp-content\/uploads\/2019\/01\/COPAGRIVERT.jpg\" alt=\"\" width=\"286\" height=\"341\" srcset=\"https:\/\/teseo.clal.it\/news\/wp-content\/uploads\/2019\/01\/COPAGRIVERT.jpg 300w, https:\/\/teseo.clal.it\/news\/wp-content\/uploads\/2019\/01\/COPAGRIVERT-251x300.jpg 251w\" sizes=\"auto, (max-width: 286px) 100vw, 286px\" \/><\/a><figcaption id=\"caption-attachment-3189\" class=\"wp-caption-text\">Franco Verrascina &#8211; Presidente Copagri<\/figcaption><\/figure>\n<p>Franco Verrascina \u00e8 presidente di Copagri dal 2009. Dal 3 luglio 2018, inoltre, guida il coordinamento di Agrinsieme, che riunisce Cia-Agricoltori italiani, Confagricoltura, Alleanza delle Cooperative italiane dell\u2019agroalimentare e Copagri, rappresentando oltre i due terzi delle aziende agricole italiane, il 60% del valore della produzione agricola e della superficie nazionale coltivata, con oltre 800mila persone occupate nelle imprese rappresentate.<\/p>\n<p><strong>La produzione di latte europea sta crescendo, mentre la domanda mondiale sembra abbastanza stabile. Quali conseguenze prevede e come sostenere il Made in Italy lattiero caseario?<\/strong><\/p>\n<p>\u201c\u00c8 indubbio che negli ultimi dieci anni, a prescindere dalla fine del sistema delle quote latte, la produzione lattiero-casearia comunitaria stia crescendo, e questo avviene soprattutto grazie a un\u2019espansione verso nuovi mercati, tra i quali ci sono certamente quelli del BRICS, ovvero di Brasile, Russia, India, Cina e Sudafrica, i quali rappresentano per l&#8217;Europa un&#8217;opportunit\u00e0 che bisogna continuare a sfruttare, sia in termini di quantit\u00e0 che di qualit\u00e0.<br \/>\n<strong>Negli ultimi anni, infatti, le dinamiche europee stanno mostrando sempre maggiori criticit\u00e0<\/strong>; <strong>nel Nord dell\u2019Europa sembra ci si stia concentrando pi\u00f9 sulla quantit\u00e0<\/strong>, tanto che abbiamo tanto latte per conquistare le commodity di latte in polvere e sottoprodotti proteici, <strong>mentre il Sud del Continente<\/strong>, con l\u2019Italia in testa, <strong>appare maggiormente concentrato sullo sviluppo della qualit\u00e0<\/strong>. Riteniamo che, nonostante gli aumenti interni in area BRICS in termini di produzione, i prodotti lattiero caseari italiani possano riscuotere un successo ancora maggiore in termini di sviluppo, visto l&#8217;aumento del tenore di vita di queste aree. Questo benessere in aumento, infatti, porter\u00e0 sempre pi\u00f9 spesso i consumatori a ricercare prodotti agroalimentari di qualit\u00e0, quali appunto le eccellenze lattiero-casearie del nostro Paese\u201d.<\/p>\n<div class=\"perfect-pullquote vcard pullquote-align-full pullquote-border-placement-left\"><blockquote><p><strong>L\u2019area geografica<\/strong> che in prospettiva pu\u00f2 darci pi\u00f9 soddisfazioni<strong> \u00e8 quella del BRICS<\/strong><\/p><\/blockquote><\/div>\n<p><strong>Quali potrebbero essere i mercati internazionali dove potersi espandere? Le DOP potrebbero essere l\u2019apripista di un paniere pi\u00f9 ampio, che comprende anche nuovi prodotti?<\/strong><\/p>\n<p>\u201c<strong>L\u2019area geografica che sicuramente in prospettiva pu\u00f2 darci pi\u00f9 soddisfazioni \u00e8, come anticipato poco sopra, quella del BRICS<\/strong>, anche se non bisogna trascurare l\u2019America del Nord, cos\u00ec come l\u2019Asia, con gli Emirati Arabi in testa, e l\u2019Oriente.<br \/>\nIn questi Paesi tutto il nostro sistema di DOP \u00e8 all&#8217;avanguardia e la continua richiesta di questi ultimi anni lo dimostra. Proprio in questi Paesi, per\u00f2, nell&#8217;ambito di una seria politica che miri allo sviluppo dell\u2019internazionalizzazione, si potrebbe puntare sulla produzione di latte in polvere con determinate caratteristiche, magari per l\u2019infanzia; tale produzione, infatti, sebbene quasi abbandonata da lungo tempo in Italia, potrebbe dare grandi prospettive ai produttori nazionali e comunitari\u201d.<\/p>\n<p><strong>Come potrebbe avvenire questa espansione sui mercati esteri?<\/strong><\/p>\n<p>\u201cI formaggi duri sono la nostra prima modalit\u00e0 di conquista dei mercati esteri; per questo motivo noi sosteniamo che le politiche di internazionalizzazione vadano migliorate e debbano essere pi\u00f9 coraggiose.<br \/>\nIn questo senso sostenere e <strong>istituire il riconoscimento del Latte &#8220;Dop Italia&#8221;<\/strong>, come pi\u00f9 volte chiesto dalla Copagri, <strong>potrebbe rappresentare un aiuto concreto per molti prodotti del segmento formaggi duri italiani 100%<\/strong>, che molta attenzione stanno avendo in questi ultimi due anni. Tale riconoscimento, che non vuole ovviamente andare a condizionare in negativo e togliere valore alla produzione di Grana Padano e di Parmigiano Reggiano, che sono in un certo senso i \u201cprincipi\u201d dei formaggi italiani nel mondo, servirebbe inoltre a evitare tutte le sperequazioni che ci sono tra le varie Regioni, oltre a soddisfare la \u201cfame di Italia\u201d all&#8217;estero\u201d.<\/p>\n<figure id=\"attachment_3190\" aria-describedby=\"caption-attachment-3190\" style=\"width: 1500px\" class=\"wp-caption aligncenter\"><a href=\"https:\/\/teseo.clal.it\/news\/wp-content\/uploads\/2019\/01\/COPAGRI.png\" data-rel=\"lightbox-gallery-3IZokzNQ\" data-rl_title=\"Franco Verrascina\" data-rl_caption=\"\" title=\"Franco Verrascina\"><img loading=\"lazy\" decoding=\"async\" class=\"size-full wp-image-3190\" src=\"https:\/\/teseo.clal.it\/news\/wp-content\/uploads\/2019\/01\/COPAGRI.png\" alt=\"\" width=\"1500\" height=\"1000\" srcset=\"https:\/\/teseo.clal.it\/news\/wp-content\/uploads\/2019\/01\/COPAGRI.png 1500w, https:\/\/teseo.clal.it\/news\/wp-content\/uploads\/2019\/01\/COPAGRI-300x200.png 300w, https:\/\/teseo.clal.it\/news\/wp-content\/uploads\/2019\/01\/COPAGRI-768x512.png 768w, https:\/\/teseo.clal.it\/news\/wp-content\/uploads\/2019\/01\/COPAGRI-1024x683.png 1024w\" sizes=\"auto, (max-width: 1500px) 100vw, 1500px\" \/><\/a><figcaption id=\"caption-attachment-3190\" class=\"wp-caption-text\">Franco Verrascina &#8211; Presidente Copagri<\/figcaption><\/figure>\n<p><strong>L\u2019Olanda ha ridotto il numero di capi e, di conseguenza, la produzione lattiera. Inoltre, per agevolare un percorso di sostenibilit\u00e0, ha introdotto le quote sui fosfati. Come dovrebbe comportarsi l\u2019Italia?<\/strong><\/p>\n<p>\u201cL\u2019Olanda \u00e8 da sempre il paese europeo dove nel settore zootecnico, e in particolare in quelli lattiero caseario e suinicolo, le misure ambientali hanno causato forti criticit\u00e0. Basti pensare che in un territorio grande meno del doppio di quello della Lombardia vi sono una volta e mezza le vacche di tutta Italia, oltre a milioni di suini.<br \/>\nLa Direttiva UE sui nitrati ha quindi obbligato questo Paese a una netta inversione di tendenza sul carico zootecnico, tanto che a livello amministrativo sono state introdotte le quote nitrati, con un mercato in continua ascesa speculativa, che ha svantaggiato gli allevatori con uno scarso capitale-terra; basti pensare, ad esempio, al fatto che il costo per sostenere lo smaltimento dei nitrati \u00e8 di migliaia di euro all&#8217;anno per ogni bovina adulta, con le immaginabili conseguenze che questo comporta per le stalle di medio-grandi dimensioni.\u00a0In Italia, tranne in alcune particolari zone della Pianura Padana, non si registrano particolari problematiche. <strong>Possiamo quindi rivendicare con forza il grande lavoro verso la sostenibilit\u00e0 ambientale e il benessere animale che i nostri produttori stanno sviluppando negli ultimi anni<\/strong>, tant&#8217;\u00e8 che oggi tale fattore \u00e8 tra i pi\u00f9 premianti in tutte le aree a produzione DOP, requisiti richiesti nei disciplinari\u201d.<\/p>\n<div class=\"perfect-pullquote vcard pullquote-align-full pullquote-border-placement-left\"><blockquote><p><strong>Il benessere animale<\/strong>\u00a0al giorno d\u2019oggi \u00e8 purtroppo<strong> un grande costo non riconosciuto dal sistema della catena del valore<\/strong><\/p><\/blockquote><\/div>\n<p><strong>Quanto incide il benessere animale nelle stalle da latte? \u00c8 pi\u00f9 un costo o un\u2019opportunit\u00e0?<br \/>\n<\/strong><br \/>\n\u201cQuanto detto evidenzia come i produttori da molti anni stiano investendo in sostenibilit\u00e0 e benessere animale, anche se questo <strong>al giorno d\u2019oggi \u00e8 purtroppo un grande costo non riconosciuto dal sistema della catena del valore<\/strong>.<br \/>\nIl progetto della Copagri per il riconoscimento del Latte \u201cDOP Italia\u201d va, infatti, proprio nella direzione di costruire filiere e prodotti etici; vogliamo e dobbiamo essere partecipi del sistema virtuoso che fa riferimento all&#8217;economia circolare, nel quale i nostri prodotti straordinariamente unici possano essere riconosciuti e valorizzati dal consumatore, non solo italiano ma mondiale\u201d.<\/p>\n<p><strong>\u00a0<\/strong><\/p>\n","protected":false},"excerpt":{"rendered":"<p>Franco Verrascina \u00e8 presidente di Copagri dal 2009. Dal 3 luglio 2018, inoltre, guida il coordinamento di Agrinsieme, che riunisce Cia-Agricoltori italiani, Confagricoltura, Alleanza delle Cooperative italiane dell\u2019agroalimentare e Copagri, rappresentando oltre i due terzi delle aziende agricole italiane, il 60% del valore della produzione agricola e della superficie nazionale coltivata, con oltre 800mila persone &hellip; <a href=\"https:\/\/teseo.clal.it\/news\/it\/filiere-e-prodotti-etici-col-progetto-latte-dop-italia-intervista-a-verrascina-copagri\/\" class=\"more-link\">Continua a leggere <span class=\"screen-reader-text\">Filiere e prodotti etici col progetto Latte Dop Italia [intervista a Verrascina &#8211; Copagri]<\/span><\/a><\/p>\n","protected":false},"author":4,"featured_media":0,"comment_status":"closed","ping_status":"open","sticky":false,"template":"","format":"standard","meta":{"footnotes":""},"categories":[54,15,4,34],"tags":[320,49],"class_list":["post-3188","post","type-post","status-publish","format-standard","hentry","category-dop","category-export","category-latte","category-sostenibilita","tag-copagri","tag-news-formative"],"yoast_head":"<!-- This site is optimized with the Yoast SEO plugin v25.5 - https:\/\/yoast.com\/wordpress\/plugins\/seo\/ -->\n<title>Filiere e prodotti etici col progetto Latte Dop Italia [intervista a Verrascina - Copagri] - TESEO News<\/title>\n<meta name=\"robots\" content=\"index, follow, max-snippet:-1, max-image-preview:large, max-video-preview:-1\" \/>\n<link rel=\"canonical\" href=\"https:\/\/teseo.clal.it\/news\/it\/filiere-e-prodotti-etici-col-progetto-latte-dop-italia-intervista-a-verrascina-copagri\/\" \/>\n<meta property=\"og:locale\" content=\"it_IT\" \/>\n<meta property=\"og:type\" content=\"article\" \/>\n<meta property=\"og:title\" content=\"Filiere e prodotti etici col progetto Latte Dop Italia [intervista a Verrascina - Copagri] - TESEO News\" \/>\n<meta property=\"og:description\" content=\"Franco Verrascina \u00e8 presidente di Copagri dal 2009. Dal 3 luglio 2018, inoltre, guida il coordinamento di Agrinsieme, che riunisce Cia-Agricoltori italiani, Confagricoltura, Alleanza delle Cooperative italiane dell\u2019agroalimentare e Copagri, rappresentando oltre i due terzi delle aziende agricole italiane, il 60% del valore della produzione agricola e della superficie nazionale coltivata, con oltre 800mila persone &hellip; Continua a leggere Filiere e prodotti etici col progetto Latte Dop Italia [intervista a Verrascina &#8211; Copagri]\" \/>\n<meta property=\"og:url\" content=\"https:\/\/teseo.clal.it\/news\/it\/filiere-e-prodotti-etici-col-progetto-latte-dop-italia-intervista-a-verrascina-copagri\/\" \/>\n<meta property=\"og:site_name\" content=\"TESEO News\" \/>\n<meta property=\"article:publisher\" content=\"https:\/\/www.facebook.com\/claldairy\" \/>\n<meta property=\"article:published_time\" content=\"2019-01-17T10:10:42+00:00\" \/>\n<meta property=\"article:modified_time\" content=\"2019-01-17T14:36:14+00:00\" \/>\n<meta property=\"og:image\" content=\"https:\/\/teseo.clal.it\/news\/wp-content\/uploads\/2019\/01\/COPAGRIVERT.jpg\" \/>\n<meta name=\"author\" content=\"Matteo Bernardelli\" \/>\n<meta name=\"twitter:card\" content=\"summary_large_image\" \/>\n<meta name=\"twitter:creator\" content=\"@claldairy_it\" \/>\n<meta name=\"twitter:site\" content=\"@claldairy_it\" \/>\n<meta name=\"twitter:label1\" content=\"Scritto da\" \/>\n\t<meta name=\"twitter:data1\" content=\"Matteo Bernardelli\" \/>\n\t<meta name=\"twitter:label2\" content=\"Tempo di lettura stimato\" \/>\n\t<meta name=\"twitter:data2\" content=\"5 minuti\" \/>\n<script type=\"application\/ld+json\" class=\"yoast-schema-graph\">{\"@context\":\"https:\/\/schema.org\",\"@graph\":[{\"@type\":\"WebPage\",\"@id\":\"https:\/\/teseo.clal.it\/news\/it\/filiere-e-prodotti-etici-col-progetto-latte-dop-italia-intervista-a-verrascina-copagri\/\",\"url\":\"https:\/\/teseo.clal.it\/news\/it\/filiere-e-prodotti-etici-col-progetto-latte-dop-italia-intervista-a-verrascina-copagri\/\",\"name\":\"Filiere e prodotti etici col progetto Latte Dop Italia [intervista a Verrascina - Copagri] - TESEO News\",\"isPartOf\":{\"@id\":\"https:\/\/teseo.clal.it\/news\/#website\"},\"primaryImageOfPage\":{\"@id\":\"https:\/\/teseo.clal.it\/news\/it\/filiere-e-prodotti-etici-col-progetto-latte-dop-italia-intervista-a-verrascina-copagri\/#primaryimage\"},\"image\":{\"@id\":\"https:\/\/teseo.clal.it\/news\/it\/filiere-e-prodotti-etici-col-progetto-latte-dop-italia-intervista-a-verrascina-copagri\/#primaryimage\"},\"thumbnailUrl\":\"https:\/\/teseo.clal.it\/news\/wp-content\/uploads\/2019\/01\/COPAGRIVERT.jpg\",\"datePublished\":\"2019-01-17T10:10:42+00:00\",\"dateModified\":\"2019-01-17T14:36:14+00:00\",\"author\":{\"@id\":\"https:\/\/teseo.clal.it\/news\/#\/schema\/person\/5725dac89b9acc8bac9c76ca5c745d93\"},\"breadcrumb\":{\"@id\":\"https:\/\/teseo.clal.it\/news\/it\/filiere-e-prodotti-etici-col-progetto-latte-dop-italia-intervista-a-verrascina-copagri\/#breadcrumb\"},\"inLanguage\":\"it-IT\",\"potentialAction\":[{\"@type\":\"ReadAction\",\"target\":[\"https:\/\/teseo.clal.it\/news\/it\/filiere-e-prodotti-etici-col-progetto-latte-dop-italia-intervista-a-verrascina-copagri\/\"]}]},{\"@type\":\"ImageObject\",\"inLanguage\":\"it-IT\",\"@id\":\"https:\/\/teseo.clal.it\/news\/it\/filiere-e-prodotti-etici-col-progetto-latte-dop-italia-intervista-a-verrascina-copagri\/#primaryimage\",\"url\":\"https:\/\/teseo.clal.it\/news\/wp-content\/uploads\/2019\/01\/COPAGRIVERT.jpg\",\"contentUrl\":\"https:\/\/teseo.clal.it\/news\/wp-content\/uploads\/2019\/01\/COPAGRIVERT.jpg\",\"width\":300,\"height\":358,\"caption\":\"Franco Verrascina - Presidente COPAGRI\"},{\"@type\":\"BreadcrumbList\",\"@id\":\"https:\/\/teseo.clal.it\/news\/it\/filiere-e-prodotti-etici-col-progetto-latte-dop-italia-intervista-a-verrascina-copagri\/#breadcrumb\",\"itemListElement\":[{\"@type\":\"ListItem\",\"position\":1,\"name\":\"News\",\"item\":\"https:\/\/teseo.clal.it\/news\/it\/\"},{\"@type\":\"ListItem\",\"position\":2,\"name\":\"Filiere e prodotti etici col progetto Latte Dop Italia [intervista a Verrascina &#8211; Copagri]\"}]},{\"@type\":\"WebSite\",\"@id\":\"https:\/\/teseo.clal.it\/news\/#website\",\"url\":\"https:\/\/teseo.clal.it\/news\/\",\"name\":\"TESEO News\",\"description\":\"Le News di TESEO by CLAL.it\",\"potentialAction\":[{\"@type\":\"SearchAction\",\"target\":{\"@type\":\"EntryPoint\",\"urlTemplate\":\"https:\/\/teseo.clal.it\/news\/?s={search_term_string}\"},\"query-input\":{\"@type\":\"PropertyValueSpecification\",\"valueRequired\":true,\"valueName\":\"search_term_string\"}}],\"inLanguage\":\"it-IT\"},{\"@type\":\"Person\",\"@id\":\"https:\/\/teseo.clal.it\/news\/#\/schema\/person\/5725dac89b9acc8bac9c76ca5c745d93\",\"name\":\"Matteo Bernardelli\",\"image\":{\"@type\":\"ImageObject\",\"inLanguage\":\"it-IT\",\"@id\":\"https:\/\/teseo.clal.it\/news\/#\/schema\/person\/image\/\",\"url\":\"https:\/\/teseo.clal.it\/news\/wp-content\/uploads\/2015\/10\/MBN_3994-498-150x150.jpg\",\"contentUrl\":\"https:\/\/teseo.clal.it\/news\/wp-content\/uploads\/2015\/10\/MBN_3994-498-150x150.jpg\",\"caption\":\"Matteo Bernardelli\"},\"description\":\"Giornalista. Ha scritto saggi di storia, comunicazione ed economia, i libri \u201cA come\u2026 Agricoltura\u201d e \u201cL\u2019alfabeto di Mantova\u201d.\",\"url\":\"https:\/\/teseo.clal.it\/news\/author\/matteo-bernardelli\/\"}]}<\/script>\n<!-- \/ Yoast SEO plugin. -->","yoast_head_json":{"title":"Filiere e prodotti etici col progetto Latte Dop Italia [intervista a Verrascina - Copagri] - TESEO News","robots":{"index":"index","follow":"follow","max-snippet":"max-snippet:-1","max-image-preview":"max-image-preview:large","max-video-preview":"max-video-preview:-1"},"canonical":"https:\/\/teseo.clal.it\/news\/it\/filiere-e-prodotti-etici-col-progetto-latte-dop-italia-intervista-a-verrascina-copagri\/","og_locale":"it_IT","og_type":"article","og_title":"Filiere e prodotti etici col progetto Latte Dop Italia [intervista a Verrascina - Copagri] - TESEO News","og_description":"Franco Verrascina \u00e8 presidente di Copagri dal 2009. Dal 3 luglio 2018, inoltre, guida il coordinamento di Agrinsieme, che riunisce Cia-Agricoltori italiani, Confagricoltura, Alleanza delle Cooperative italiane dell\u2019agroalimentare e Copagri, rappresentando oltre i due terzi delle aziende agricole italiane, il 60% del valore della produzione agricola e della superficie nazionale coltivata, con oltre 800mila persone &hellip; Continua a leggere Filiere e prodotti etici col progetto Latte Dop Italia [intervista a Verrascina &#8211; Copagri]","og_url":"https:\/\/teseo.clal.it\/news\/it\/filiere-e-prodotti-etici-col-progetto-latte-dop-italia-intervista-a-verrascina-copagri\/","og_site_name":"TESEO News","article_publisher":"https:\/\/www.facebook.com\/claldairy","article_published_time":"2019-01-17T10:10:42+00:00","article_modified_time":"2019-01-17T14:36:14+00:00","og_image":[{"url":"https:\/\/teseo.clal.it\/news\/wp-content\/uploads\/2019\/01\/COPAGRIVERT.jpg","type":"","width":"","height":""}],"author":"Matteo Bernardelli","twitter_card":"summary_large_image","twitter_creator":"@claldairy_it","twitter_site":"@claldairy_it","twitter_misc":{"Scritto da":"Matteo Bernardelli","Tempo di lettura stimato":"5 minuti"},"schema":{"@context":"https:\/\/schema.org","@graph":[{"@type":"WebPage","@id":"https:\/\/teseo.clal.it\/news\/it\/filiere-e-prodotti-etici-col-progetto-latte-dop-italia-intervista-a-verrascina-copagri\/","url":"https:\/\/teseo.clal.it\/news\/it\/filiere-e-prodotti-etici-col-progetto-latte-dop-italia-intervista-a-verrascina-copagri\/","name":"Filiere e prodotti etici col progetto Latte Dop Italia [intervista a Verrascina - Copagri] - TESEO News","isPartOf":{"@id":"https:\/\/teseo.clal.it\/news\/#website"},"primaryImageOfPage":{"@id":"https:\/\/teseo.clal.it\/news\/it\/filiere-e-prodotti-etici-col-progetto-latte-dop-italia-intervista-a-verrascina-copagri\/#primaryimage"},"image":{"@id":"https:\/\/teseo.clal.it\/news\/it\/filiere-e-prodotti-etici-col-progetto-latte-dop-italia-intervista-a-verrascina-copagri\/#primaryimage"},"thumbnailUrl":"https:\/\/teseo.clal.it\/news\/wp-content\/uploads\/2019\/01\/COPAGRIVERT.jpg","datePublished":"2019-01-17T10:10:42+00:00","dateModified":"2019-01-17T14:36:14+00:00","author":{"@id":"https:\/\/teseo.clal.it\/news\/#\/schema\/person\/5725dac89b9acc8bac9c76ca5c745d93"},"breadcrumb":{"@id":"https:\/\/teseo.clal.it\/news\/it\/filiere-e-prodotti-etici-col-progetto-latte-dop-italia-intervista-a-verrascina-copagri\/#breadcrumb"},"inLanguage":"it-IT","potentialAction":[{"@type":"ReadAction","target":["https:\/\/teseo.clal.it\/news\/it\/filiere-e-prodotti-etici-col-progetto-latte-dop-italia-intervista-a-verrascina-copagri\/"]}]},{"@type":"ImageObject","inLanguage":"it-IT","@id":"https:\/\/teseo.clal.it\/news\/it\/filiere-e-prodotti-etici-col-progetto-latte-dop-italia-intervista-a-verrascina-copagri\/#primaryimage","url":"https:\/\/teseo.clal.it\/news\/wp-content\/uploads\/2019\/01\/COPAGRIVERT.jpg","contentUrl":"https:\/\/teseo.clal.it\/news\/wp-content\/uploads\/2019\/01\/COPAGRIVERT.jpg","width":300,"height":358,"caption":"Franco Verrascina - Presidente COPAGRI"},{"@type":"BreadcrumbList","@id":"https:\/\/teseo.clal.it\/news\/it\/filiere-e-prodotti-etici-col-progetto-latte-dop-italia-intervista-a-verrascina-copagri\/#breadcrumb","itemListElement":[{"@type":"ListItem","position":1,"name":"News","item":"https:\/\/teseo.clal.it\/news\/it\/"},{"@type":"ListItem","position":2,"name":"Filiere e prodotti etici col progetto Latte Dop Italia [intervista a Verrascina &#8211; Copagri]"}]},{"@type":"WebSite","@id":"https:\/\/teseo.clal.it\/news\/#website","url":"https:\/\/teseo.clal.it\/news\/","name":"TESEO News","description":"Le News di TESEO by CLAL.it","potentialAction":[{"@type":"SearchAction","target":{"@type":"EntryPoint","urlTemplate":"https:\/\/teseo.clal.it\/news\/?s={search_term_string}"},"query-input":{"@type":"PropertyValueSpecification","valueRequired":true,"valueName":"search_term_string"}}],"inLanguage":"it-IT"},{"@type":"Person","@id":"https:\/\/teseo.clal.it\/news\/#\/schema\/person\/5725dac89b9acc8bac9c76ca5c745d93","name":"Matteo Bernardelli","image":{"@type":"ImageObject","inLanguage":"it-IT","@id":"https:\/\/teseo.clal.it\/news\/#\/schema\/person\/image\/","url":"https:\/\/teseo.clal.it\/news\/wp-content\/uploads\/2015\/10\/MBN_3994-498-150x150.jpg","contentUrl":"https:\/\/teseo.clal.it\/news\/wp-content\/uploads\/2015\/10\/MBN_3994-498-150x150.jpg","caption":"Matteo Bernardelli"},"description":"Giornalista. Ha scritto saggi di storia, comunicazione ed economia, i libri \u201cA come\u2026 Agricoltura\u201d e \u201cL\u2019alfabeto di Mantova\u201d.","url":"https:\/\/teseo.clal.it\/news\/author\/matteo-bernardelli\/"}]}},"_links":{"self":[{"href":"https:\/\/teseo.clal.it\/news\/wp-json\/wp\/v2\/posts\/3188","targetHints":{"allow":["GET"]}}],"collection":[{"href":"https:\/\/teseo.clal.it\/news\/wp-json\/wp\/v2\/posts"}],"about":[{"href":"https:\/\/teseo.clal.it\/news\/wp-json\/wp\/v2\/types\/post"}],"author":[{"embeddable":true,"href":"https:\/\/teseo.clal.it\/news\/wp-json\/wp\/v2\/users\/4"}],"replies":[{"embeddable":true,"href":"https:\/\/teseo.clal.it\/news\/wp-json\/wp\/v2\/comments?post=3188"}],"version-history":[{"count":7,"href":"https:\/\/teseo.clal.it\/news\/wp-json\/wp\/v2\/posts\/3188\/revisions"}],"predecessor-version":[{"id":3216,"href":"https:\/\/teseo.clal.it\/news\/wp-json\/wp\/v2\/posts\/3188\/revisions\/3216"}],"wp:attachment":[{"href":"https:\/\/teseo.clal.it\/news\/wp-json\/wp\/v2\/media?parent=3188"}],"wp:term":[{"taxonomy":"category","embeddable":true,"href":"https:\/\/teseo.clal.it\/news\/wp-json\/wp\/v2\/categories?post=3188"},{"taxonomy":"post_tag","embeddable":true,"href":"https:\/\/teseo.clal.it\/news\/wp-json\/wp\/v2\/tags?post=3188"}],"curies":[{"name":"wp","href":"https:\/\/api.w.org\/{rel}","templated":true}]}}