{"id":3705,"date":"2019-05-27T21:20:18","date_gmt":"2019-05-27T19:20:18","guid":{"rendered":"https:\/\/teseo.clal.it\/news\/?p=3705"},"modified":"2019-05-27T21:42:07","modified_gmt":"2019-05-27T19:42:07","slug":"il-mondo-piccolo-ovvero-malattie-animali-proteine-e-mercati","status":"publish","type":"post","link":"https:\/\/teseo.clal.it\/news\/it\/il-mondo-piccolo-ovvero-malattie-animali-proteine-e-mercati\/","title":{"rendered":"Il mondo piccolo, ovvero malattie animali, proteine e mercati"},"content":{"rendered":"\n<p>La peste suina africana in Cina ha colpito duro. Rabobank stima che<strong> le perdite nel 2019 saranno circa un terzo della produzione suinicola, cio\u00e8 150-200 milioni di maiali<\/strong>: un numero equivalente alla produzione europea e pi\u00f9 grande di tutta quella USA. <\/p>\n\n\n\n<p><strong>L&#8217;epidemia<\/strong><\/p>\n\n\n\n<p>In alcune aree della Cina, l&#8217;epidemia ha colpito oltre la met\u00e0 degli allevamenti e, fatto molto grave, si \u00e8 estesa al Vietnam dove si stimano perdite di circa il 10% della produzione ed alla Cambogia, con la temibile prospettiva di una ulteriore espansione ai Paesi vicini. Anche se l&#8217;epidemia venisse circoscritta subito, fatto improbabile, bisognerebbe contare dai 3 ai 5 anni per riportare al produzione ai livelli normali, con <strong>ripercussioni su tutto il mercato mondiale<\/strong>, come evidenzia il repentino, generale aumento nelle quotazioni suinicole. <\/p>\n\n\n\n<p><strong>Fonti proteiche alternative<\/strong><\/p>\n\n\n\n<p>Nel frattempo occorrer\u00e0 comunque <strong>trovare in fretta sui mercati internazionali altre fonti proteiche <\/strong>come quelle apportate da carni avicole, bovine, ovine, pesce, ma anche dalla soia, per colmare il deficit alimentare della carne suina stimata in 10 milioni di tonnellate. Fra le carni, il ciclo produttivo pi\u00f9 veloce \u00e8 quello avicolo e non \u00e8 un caso se<strong> i consumi di carne avicola nel 2019 in Cina sono gi\u00e0 cresciuti del 9%<\/strong>, con un aumento del 32% nelle importazioni, soprattutto dal Brasile. <\/p>\n\n\n\n<p><strong>La soia<\/strong><\/p>\n\n\n\n<p>Un discorso a parte,e pi\u00f9 complesso, merita il quadro per la soia, che entra in modo significativo nei mangimi animali. Le scorte mondiali sono elevate e ci sono ottime previsioni per la produzione di quest&#8217;anno. La Cina ha in atto i dazi sulle importazioni dagli USA a seguito della guerra commerciale, per cui ha aumentato gli approvvigionamenti di soia dal Brasile, ma con le decimazioni dovute alla peste suina africana, <strong>la domanda di soia per i mangimi \u00e8 in calo e rester\u00e0 tale per l&#8217;annata 2019-20<\/strong>. I produttori USA hanno comunque trovato subito un facile sbocco sul mercato UE. <\/p>\n\n\n\n<p>Intanto, a met\u00e0 aprile l&#8217;International Grains Council ha riportato quotazioni della soia in ribasso del 21% rispetto ad un anno fa, il che lascia prevedere un aumento nella produzione di proteine animali, epidemie permettendo.<\/p>\n\n\n\n<p><em>Il mondo piccolo, non \u00e8 pi\u00f9 quello circoscritto all&#8217;ansa del grande fiume descritto da Guareschi. \u00c8 sempre pi\u00f9 il mondo intero, al di l\u00e0 di muri e barriere, e queste vicende lo dimostrano.<\/em><\/p>\n\n\n\n<figure class=\"wp-block-image\"><img loading=\"lazy\" decoding=\"async\" width=\"1024\" height=\"410\" src=\"https:\/\/teseo.clal.it\/news\/wp-content\/uploads\/2019\/05\/screenshot-teseo.clal_.it-2019.05.27-21-16-15-1024x410.png\" alt=\"\" class=\"wp-image-3708\" srcset=\"https:\/\/teseo.clal.it\/news\/wp-content\/uploads\/2019\/05\/screenshot-teseo.clal_.it-2019.05.27-21-16-15-1024x410.png 1024w, https:\/\/teseo.clal.it\/news\/wp-content\/uploads\/2019\/05\/screenshot-teseo.clal_.it-2019.05.27-21-16-15-300x120.png 300w, https:\/\/teseo.clal.it\/news\/wp-content\/uploads\/2019\/05\/screenshot-teseo.clal_.it-2019.05.27-21-16-15-768x308.png 768w, https:\/\/teseo.clal.it\/news\/wp-content\/uploads\/2019\/05\/screenshot-teseo.clal_.it-2019.05.27-21-16-15.png 1081w\" sizes=\"auto, (max-width: 1024px) 100vw, 1024px\" \/><figcaption>Scopri il men\u00f9 di TESEO dedicato ai SUINI<\/figcaption><\/figure>\n\n\n\n<p>Fonte: <a href=\"https:\/\/www.poultryworld.net\/\">Poultry World<\/a><br><\/p>\n","protected":false},"excerpt":{"rendered":"<p>La peste suina africana in Cina ha colpito duro. Rabobank stima che le perdite nel 2019 saranno circa un terzo della produzione suinicola, cio\u00e8 150-200 milioni di maiali: un numero equivalente alla produzione europea e pi\u00f9 grande di tutta quella USA. L&#8217;epidemia In alcune aree della Cina, l&#8217;epidemia ha colpito oltre la met\u00e0 degli allevamenti &hellip; <a href=\"https:\/\/teseo.clal.it\/news\/it\/il-mondo-piccolo-ovvero-malattie-animali-proteine-e-mercati\/\" class=\"more-link\">Continua a leggere <span class=\"screen-reader-text\">Il mondo piccolo, ovvero malattie animali, proteine e mercati<\/span><\/a><\/p>\n","protected":false},"author":2,"featured_media":0,"comment_status":"closed","ping_status":"open","sticky":false,"template":"","format":"standard","meta":{"footnotes":""},"categories":[27,266,432],"tags":[49],"class_list":["post-3705","post","type-post","status-publish","format-standard","hentry","category-cina","category-soia","category-suini","tag-news-formative"],"yoast_head":"<!-- This site is optimized with the Yoast SEO plugin v25.5 - https:\/\/yoast.com\/wordpress\/plugins\/seo\/ -->\n<title>Il mondo piccolo, ovvero malattie animali, proteine e mercati - TESEO News<\/title>\n<meta name=\"robots\" content=\"index, follow, max-snippet:-1, max-image-preview:large, max-video-preview:-1\" \/>\n<link rel=\"canonical\" href=\"https:\/\/teseo.clal.it\/news\/it\/il-mondo-piccolo-ovvero-malattie-animali-proteine-e-mercati\/\" \/>\n<meta property=\"og:locale\" content=\"it_IT\" \/>\n<meta property=\"og:type\" content=\"article\" \/>\n<meta property=\"og:title\" content=\"Il mondo piccolo, ovvero malattie animali, proteine e mercati - TESEO News\" \/>\n<meta property=\"og:description\" content=\"La peste suina africana in Cina ha colpito duro. Rabobank stima che le perdite nel 2019 saranno circa un terzo della produzione suinicola, cio\u00e8 150-200 milioni di maiali: un numero equivalente alla produzione europea e pi\u00f9 grande di tutta quella USA. L&#8217;epidemia In alcune aree della Cina, l&#8217;epidemia ha colpito oltre la met\u00e0 degli allevamenti &hellip; Continua a leggere Il mondo piccolo, ovvero malattie animali, proteine e mercati\" \/>\n<meta property=\"og:url\" content=\"https:\/\/teseo.clal.it\/news\/it\/il-mondo-piccolo-ovvero-malattie-animali-proteine-e-mercati\/\" \/>\n<meta property=\"og:site_name\" content=\"TESEO News\" \/>\n<meta property=\"article:publisher\" content=\"https:\/\/www.facebook.com\/claldairy\" \/>\n<meta property=\"article:published_time\" content=\"2019-05-27T19:20:18+00:00\" \/>\n<meta property=\"article:modified_time\" content=\"2019-05-27T19:42:07+00:00\" \/>\n<meta property=\"og:image\" content=\"https:\/\/teseo.clal.it\/news\/wp-content\/uploads\/2019\/05\/screenshot-teseo.clal_.it-2019.05.27-21-16-15-1024x410.png\" \/>\n<meta name=\"author\" content=\"Leo Bertozzi\" \/>\n<meta name=\"twitter:card\" content=\"summary_large_image\" \/>\n<meta name=\"twitter:creator\" content=\"@claldairy_it\" \/>\n<meta name=\"twitter:site\" content=\"@claldairy_it\" \/>\n<meta name=\"twitter:label1\" content=\"Scritto da\" \/>\n\t<meta name=\"twitter:data1\" content=\"Leo Bertozzi\" \/>\n\t<meta name=\"twitter:label2\" content=\"Tempo di lettura stimato\" \/>\n\t<meta name=\"twitter:data2\" content=\"2 minuti\" \/>\n<script type=\"application\/ld+json\" class=\"yoast-schema-graph\">{\"@context\":\"https:\/\/schema.org\",\"@graph\":[{\"@type\":\"WebPage\",\"@id\":\"https:\/\/teseo.clal.it\/news\/it\/il-mondo-piccolo-ovvero-malattie-animali-proteine-e-mercati\/\",\"url\":\"https:\/\/teseo.clal.it\/news\/it\/il-mondo-piccolo-ovvero-malattie-animali-proteine-e-mercati\/\",\"name\":\"Il mondo piccolo, ovvero malattie animali, proteine e mercati - TESEO News\",\"isPartOf\":{\"@id\":\"https:\/\/teseo.clal.it\/news\/#website\"},\"primaryImageOfPage\":{\"@id\":\"https:\/\/teseo.clal.it\/news\/it\/il-mondo-piccolo-ovvero-malattie-animali-proteine-e-mercati\/#primaryimage\"},\"image\":{\"@id\":\"https:\/\/teseo.clal.it\/news\/it\/il-mondo-piccolo-ovvero-malattie-animali-proteine-e-mercati\/#primaryimage\"},\"thumbnailUrl\":\"https:\/\/teseo.clal.it\/news\/wp-content\/uploads\/2019\/05\/screenshot-teseo.clal_.it-2019.05.27-21-16-15-1024x410.png\",\"datePublished\":\"2019-05-27T19:20:18+00:00\",\"dateModified\":\"2019-05-27T19:42:07+00:00\",\"author\":{\"@id\":\"https:\/\/teseo.clal.it\/news\/#\/schema\/person\/97cfca57091ae31f9074453dc12d657c\"},\"breadcrumb\":{\"@id\":\"https:\/\/teseo.clal.it\/news\/it\/il-mondo-piccolo-ovvero-malattie-animali-proteine-e-mercati\/#breadcrumb\"},\"inLanguage\":\"it-IT\",\"potentialAction\":[{\"@type\":\"ReadAction\",\"target\":[\"https:\/\/teseo.clal.it\/news\/it\/il-mondo-piccolo-ovvero-malattie-animali-proteine-e-mercati\/\"]}]},{\"@type\":\"ImageObject\",\"inLanguage\":\"it-IT\",\"@id\":\"https:\/\/teseo.clal.it\/news\/it\/il-mondo-piccolo-ovvero-malattie-animali-proteine-e-mercati\/#primaryimage\",\"url\":\"https:\/\/teseo.clal.it\/news\/wp-content\/uploads\/2019\/05\/screenshot-teseo.clal_.it-2019.05.27-21-16-15.png\",\"contentUrl\":\"https:\/\/teseo.clal.it\/news\/wp-content\/uploads\/2019\/05\/screenshot-teseo.clal_.it-2019.05.27-21-16-15.png\",\"width\":1081,\"height\":433},{\"@type\":\"BreadcrumbList\",\"@id\":\"https:\/\/teseo.clal.it\/news\/it\/il-mondo-piccolo-ovvero-malattie-animali-proteine-e-mercati\/#breadcrumb\",\"itemListElement\":[{\"@type\":\"ListItem\",\"position\":1,\"name\":\"News\",\"item\":\"https:\/\/teseo.clal.it\/news\/it\/\"},{\"@type\":\"ListItem\",\"position\":2,\"name\":\"Il mondo piccolo, ovvero malattie animali, proteine e mercati\"}]},{\"@type\":\"WebSite\",\"@id\":\"https:\/\/teseo.clal.it\/news\/#website\",\"url\":\"https:\/\/teseo.clal.it\/news\/\",\"name\":\"TESEO News\",\"description\":\"Le News di TESEO by CLAL.it\",\"potentialAction\":[{\"@type\":\"SearchAction\",\"target\":{\"@type\":\"EntryPoint\",\"urlTemplate\":\"https:\/\/teseo.clal.it\/news\/?s={search_term_string}\"},\"query-input\":{\"@type\":\"PropertyValueSpecification\",\"valueRequired\":true,\"valueName\":\"search_term_string\"}}],\"inLanguage\":\"it-IT\"},{\"@type\":\"Person\",\"@id\":\"https:\/\/teseo.clal.it\/news\/#\/schema\/person\/97cfca57091ae31f9074453dc12d657c\",\"name\":\"Leo Bertozzi\",\"image\":{\"@type\":\"ImageObject\",\"inLanguage\":\"it-IT\",\"@id\":\"https:\/\/teseo.clal.it\/news\/#\/schema\/person\/image\/\",\"url\":\"https:\/\/teseo.clal.it\/news\/wp-content\/uploads\/2021\/10\/leo_mod-150x150.jpg\",\"contentUrl\":\"https:\/\/teseo.clal.it\/news\/wp-content\/uploads\/2021\/10\/leo_mod-150x150.jpg\",\"caption\":\"Leo Bertozzi\"},\"description\":\"Agronomo, esperto nella gestione delle produzioni agroalimentari di qualit\u00e0 e nella cultura lattiero-casearia.\",\"url\":\"https:\/\/teseo.clal.it\/news\/author\/leo-bertozzi\/\"}]}<\/script>\n<!-- \/ Yoast SEO plugin. -->","yoast_head_json":{"title":"Il mondo piccolo, ovvero malattie animali, proteine e mercati - TESEO News","robots":{"index":"index","follow":"follow","max-snippet":"max-snippet:-1","max-image-preview":"max-image-preview:large","max-video-preview":"max-video-preview:-1"},"canonical":"https:\/\/teseo.clal.it\/news\/it\/il-mondo-piccolo-ovvero-malattie-animali-proteine-e-mercati\/","og_locale":"it_IT","og_type":"article","og_title":"Il mondo piccolo, ovvero malattie animali, proteine e mercati - TESEO News","og_description":"La peste suina africana in Cina ha colpito duro. Rabobank stima che le perdite nel 2019 saranno circa un terzo della produzione suinicola, cio\u00e8 150-200 milioni di maiali: un numero equivalente alla produzione europea e pi\u00f9 grande di tutta quella USA. L&#8217;epidemia In alcune aree della Cina, l&#8217;epidemia ha colpito oltre la met\u00e0 degli allevamenti &hellip; Continua a leggere Il mondo piccolo, ovvero malattie animali, proteine e mercati","og_url":"https:\/\/teseo.clal.it\/news\/it\/il-mondo-piccolo-ovvero-malattie-animali-proteine-e-mercati\/","og_site_name":"TESEO News","article_publisher":"https:\/\/www.facebook.com\/claldairy","article_published_time":"2019-05-27T19:20:18+00:00","article_modified_time":"2019-05-27T19:42:07+00:00","og_image":[{"url":"https:\/\/teseo.clal.it\/news\/wp-content\/uploads\/2019\/05\/screenshot-teseo.clal_.it-2019.05.27-21-16-15-1024x410.png","type":"","width":"","height":""}],"author":"Leo Bertozzi","twitter_card":"summary_large_image","twitter_creator":"@claldairy_it","twitter_site":"@claldairy_it","twitter_misc":{"Scritto da":"Leo Bertozzi","Tempo di lettura stimato":"2 minuti"},"schema":{"@context":"https:\/\/schema.org","@graph":[{"@type":"WebPage","@id":"https:\/\/teseo.clal.it\/news\/it\/il-mondo-piccolo-ovvero-malattie-animali-proteine-e-mercati\/","url":"https:\/\/teseo.clal.it\/news\/it\/il-mondo-piccolo-ovvero-malattie-animali-proteine-e-mercati\/","name":"Il mondo piccolo, ovvero malattie animali, proteine e mercati - TESEO News","isPartOf":{"@id":"https:\/\/teseo.clal.it\/news\/#website"},"primaryImageOfPage":{"@id":"https:\/\/teseo.clal.it\/news\/it\/il-mondo-piccolo-ovvero-malattie-animali-proteine-e-mercati\/#primaryimage"},"image":{"@id":"https:\/\/teseo.clal.it\/news\/it\/il-mondo-piccolo-ovvero-malattie-animali-proteine-e-mercati\/#primaryimage"},"thumbnailUrl":"https:\/\/teseo.clal.it\/news\/wp-content\/uploads\/2019\/05\/screenshot-teseo.clal_.it-2019.05.27-21-16-15-1024x410.png","datePublished":"2019-05-27T19:20:18+00:00","dateModified":"2019-05-27T19:42:07+00:00","author":{"@id":"https:\/\/teseo.clal.it\/news\/#\/schema\/person\/97cfca57091ae31f9074453dc12d657c"},"breadcrumb":{"@id":"https:\/\/teseo.clal.it\/news\/it\/il-mondo-piccolo-ovvero-malattie-animali-proteine-e-mercati\/#breadcrumb"},"inLanguage":"it-IT","potentialAction":[{"@type":"ReadAction","target":["https:\/\/teseo.clal.it\/news\/it\/il-mondo-piccolo-ovvero-malattie-animali-proteine-e-mercati\/"]}]},{"@type":"ImageObject","inLanguage":"it-IT","@id":"https:\/\/teseo.clal.it\/news\/it\/il-mondo-piccolo-ovvero-malattie-animali-proteine-e-mercati\/#primaryimage","url":"https:\/\/teseo.clal.it\/news\/wp-content\/uploads\/2019\/05\/screenshot-teseo.clal_.it-2019.05.27-21-16-15.png","contentUrl":"https:\/\/teseo.clal.it\/news\/wp-content\/uploads\/2019\/05\/screenshot-teseo.clal_.it-2019.05.27-21-16-15.png","width":1081,"height":433},{"@type":"BreadcrumbList","@id":"https:\/\/teseo.clal.it\/news\/it\/il-mondo-piccolo-ovvero-malattie-animali-proteine-e-mercati\/#breadcrumb","itemListElement":[{"@type":"ListItem","position":1,"name":"News","item":"https:\/\/teseo.clal.it\/news\/it\/"},{"@type":"ListItem","position":2,"name":"Il mondo piccolo, ovvero malattie animali, proteine e mercati"}]},{"@type":"WebSite","@id":"https:\/\/teseo.clal.it\/news\/#website","url":"https:\/\/teseo.clal.it\/news\/","name":"TESEO News","description":"Le News di TESEO by CLAL.it","potentialAction":[{"@type":"SearchAction","target":{"@type":"EntryPoint","urlTemplate":"https:\/\/teseo.clal.it\/news\/?s={search_term_string}"},"query-input":{"@type":"PropertyValueSpecification","valueRequired":true,"valueName":"search_term_string"}}],"inLanguage":"it-IT"},{"@type":"Person","@id":"https:\/\/teseo.clal.it\/news\/#\/schema\/person\/97cfca57091ae31f9074453dc12d657c","name":"Leo Bertozzi","image":{"@type":"ImageObject","inLanguage":"it-IT","@id":"https:\/\/teseo.clal.it\/news\/#\/schema\/person\/image\/","url":"https:\/\/teseo.clal.it\/news\/wp-content\/uploads\/2021\/10\/leo_mod-150x150.jpg","contentUrl":"https:\/\/teseo.clal.it\/news\/wp-content\/uploads\/2021\/10\/leo_mod-150x150.jpg","caption":"Leo Bertozzi"},"description":"Agronomo, esperto nella gestione delle produzioni agroalimentari di qualit\u00e0 e nella cultura lattiero-casearia.","url":"https:\/\/teseo.clal.it\/news\/author\/leo-bertozzi\/"}]}},"_links":{"self":[{"href":"https:\/\/teseo.clal.it\/news\/wp-json\/wp\/v2\/posts\/3705","targetHints":{"allow":["GET"]}}],"collection":[{"href":"https:\/\/teseo.clal.it\/news\/wp-json\/wp\/v2\/posts"}],"about":[{"href":"https:\/\/teseo.clal.it\/news\/wp-json\/wp\/v2\/types\/post"}],"author":[{"embeddable":true,"href":"https:\/\/teseo.clal.it\/news\/wp-json\/wp\/v2\/users\/2"}],"replies":[{"embeddable":true,"href":"https:\/\/teseo.clal.it\/news\/wp-json\/wp\/v2\/comments?post=3705"}],"version-history":[{"count":5,"href":"https:\/\/teseo.clal.it\/news\/wp-json\/wp\/v2\/posts\/3705\/revisions"}],"predecessor-version":[{"id":3722,"href":"https:\/\/teseo.clal.it\/news\/wp-json\/wp\/v2\/posts\/3705\/revisions\/3722"}],"wp:attachment":[{"href":"https:\/\/teseo.clal.it\/news\/wp-json\/wp\/v2\/media?parent=3705"}],"wp:term":[{"taxonomy":"category","embeddable":true,"href":"https:\/\/teseo.clal.it\/news\/wp-json\/wp\/v2\/categories?post=3705"},{"taxonomy":"post_tag","embeddable":true,"href":"https:\/\/teseo.clal.it\/news\/wp-json\/wp\/v2\/tags?post=3705"}],"curies":[{"name":"wp","href":"https:\/\/api.w.org\/{rel}","templated":true}]}}