{"id":8374,"date":"2024-02-19T10:47:44","date_gmt":"2024-02-19T09:47:44","guid":{"rendered":"https:\/\/teseo.clal.it\/news\/?p=8374"},"modified":"2024-08-02T17:21:20","modified_gmt":"2024-08-02T15:21:20","slug":"il-commento-i-suini-tatuati-per-la-dop-sono-in-calo-stefano-borchini-slega","status":"publish","type":"post","link":"https:\/\/teseo.clal.it\/news\/it\/il-commento-i-suini-tatuati-per-la-dop-sono-in-calo-stefano-borchini-slega\/","title":{"rendered":"Il Commento: i Suini Tatuati per la DOP sono in calo [Stefano Borchini, Slega]"},"content":{"rendered":"<div class=\"wp-block-image\">\n<figure class=\"alignright size-full is-resized\"><a href=\"https:\/\/teseo.clal.it\/news\/wp-content\/uploads\/2024\/02\/borchini_slega-300_edited.jpg\" data-rel=\"lightbox-gallery-7hdijcFS\" data-rl_title=\"OLYMPUS DIGITAL CAMERA\" data-rl_caption=\"\" title=\"OLYMPUS DIGITAL CAMERA\"><img loading=\"lazy\" decoding=\"async\" width=\"576\" height=\"576\" src=\"https:\/\/teseo.clal.it\/news\/wp-content\/uploads\/2024\/02\/borchini_slega-300_edited.jpg\" alt=\"\" class=\"wp-image-8375\" style=\"object-fit:cover;width:300px;height:300px\" srcset=\"https:\/\/teseo.clal.it\/news\/wp-content\/uploads\/2024\/02\/borchini_slega-300_edited.jpg 576w, https:\/\/teseo.clal.it\/news\/wp-content\/uploads\/2024\/02\/borchini_slega-300_edited-300x300.jpg 300w, https:\/\/teseo.clal.it\/news\/wp-content\/uploads\/2024\/02\/borchini_slega-300_edited-150x150.jpg 150w\" sizes=\"auto, (max-width: 576px) 100vw, 576px\" \/><\/a><figcaption class=\"wp-element-caption\">Stefano Borchini, Prosciuttificio SLEGA<\/figcaption><\/figure><\/div>\n\n\n<p>Le rilevazioni indicano che, rispetto ai picchi di met\u00e0 Ottobre, con il prezzo dei suini grassi destinati alle Dop siamo leggermente pi\u00f9 in basso, cos\u00ec come con le quotazioni delle cosce, da un paio di settimane di due centesimi al di sotto dei 6 euro al chilogrammo. Una fase di riassestamento ribassista che non \u00e8 comunque sufficiente a contenere i costi per gli anelli pi\u00f9 avanzati nella catena di approvvigionamento.&nbsp;<\/p>\n\n\n\n<p>La domanda che si pongono gli Stagionatori \u00e8 se vi saranno nelle prossime settimane ulteriori contrazioni dei listini. Per garantire un ritorno economico agli Stagionatori, poi, il calo delle materie prime dovrebbe essere accompagnato anche da aumenti dei prezzi nella fase di cessione al trade.<\/p>\n\n\n\n<p>Chi non appare particolarmente convinto del trend negativo delle quotazioni dei suini \u00e8 <strong>Stefano Borchini<\/strong>, titolare insieme al fratello Massimo del <strong>Prosciuttificio SLEGA<\/strong> di Langhirano. \u201cTemo che i prezzi delle materie prime non caleranno, in quanto, se vediamo i numeri dei suini di allevamento certificati per la Dop sono inferiori rispetto all\u2019anno scorso \u2013 commenta Borchini -. Siamo di fronte a una <strong>scarsa disponibilit\u00e0 di animali<\/strong> in Italia, alla quale si accompagna una produzione suinicola europea che, secondo le stime, non dovrebbe aumentare pi\u00f9 di tanto. Per noi stagionatori, dunque, non si prospettano grandi vantaggi sul piano dei costi\u201d.<\/p>\n\n\n\n<p>Il futuro si gioca sull\u2019esito di alcune variabili, a partire da quelle sanitarie. \u201cLe incognite riguardano la Peste suina africana (<strong><a href=\"https:\/\/teseo.clal.it\/?section=swine_fever\">PSA<\/a><\/strong>), che deve essere eradicata \u2013 sostiene Stefano Borchini \u2013 e la PRRS, che speriamo non superi le percentuali di decessi dell\u2019anno scorso\u201d.<\/p>\n\n\n\n<p>Altro elemento chiave per il futuro del mercato e la redditivit\u00e0 degli operatori dipender\u00e0 dall\u2019<strong>andamento dei Consumi<\/strong>. \u201cNon abbiamo ad oggi certezze e le risposte le avremo in base alle scelte dei Consumatori, a cosa rinunceranno e dove si orienteranno in una fase in cui il diminuito potere di acquisto impone in alcuni casi delle rinunce \u2013 sintetizza Borchini -.<\/p>\n\n\n\n<p>\u00c8 difficile interpretare il futuro, l\u2019unica indicazione incontrovertibile che abbiamo \u00e8<strong> il numero dei suini tatuati per la Dop<\/strong>, che \u00e8 in calo\u201d.<\/p>\n\n\n<div class=\"wp-block-image\">\n<figure class=\"aligncenter size-full\"><img loading=\"lazy\" decoding=\"async\" width=\"480\" height=\"529\" src=\"https:\/\/teseo.clal.it\/news\/wp-content\/uploads\/2024\/02\/suini160224.jpg\" alt=\"\" class=\"wp-image-8378\" srcset=\"https:\/\/teseo.clal.it\/news\/wp-content\/uploads\/2024\/02\/suini160224.jpg 480w, https:\/\/teseo.clal.it\/news\/wp-content\/uploads\/2024\/02\/suini160224-272x300.jpg 272w\" sizes=\"auto, (max-width: 480px) 100vw, 480px\" \/><figcaption class=\"wp-element-caption\">TESEO.clal.it &#8211; Suini: prezzi dei tagli freschi<\/figcaption><\/figure><\/div>","protected":false},"excerpt":{"rendered":"<p>Le rilevazioni indicano che, rispetto ai picchi di met\u00e0 Ottobre, con il prezzo dei suini grassi destinati alle Dop siamo leggermente pi\u00f9 in basso, cos\u00ec come con le quotazioni delle cosce, da un paio di settimane di due centesimi al di sotto dei 6 euro al chilogrammo. Una fase di riassestamento ribassista che non \u00e8 &hellip; <a href=\"https:\/\/teseo.clal.it\/news\/it\/il-commento-i-suini-tatuati-per-la-dop-sono-in-calo-stefano-borchini-slega\/\" class=\"more-link\">Continua a leggere <span class=\"screen-reader-text\">Il Commento: i Suini Tatuati per la DOP sono in calo [Stefano Borchini, Slega]<\/span><\/a><\/p>\n","protected":false},"author":3,"featured_media":0,"comment_status":"closed","ping_status":"open","sticky":false,"template":"","format":"standard","meta":{"footnotes":""},"categories":[82,500],"tags":[598,504],"class_list":["post-8374","post","type-post","status-publish","format-standard","hentry","category-no-rss","category-suini-it","tag-il-commento","tag-intervista-suini"],"yoast_head":"<!-- This site is optimized with the Yoast SEO plugin v25.5 - https:\/\/yoast.com\/wordpress\/plugins\/seo\/ -->\n<title>Il Commento: i Suini Tatuati per la DOP sono in calo [Stefano Borchini, Slega] - TESEO News<\/title>\n<meta name=\"robots\" content=\"index, follow, max-snippet:-1, max-image-preview:large, max-video-preview:-1\" \/>\n<link rel=\"canonical\" href=\"https:\/\/teseo.clal.it\/news\/it\/il-commento-i-suini-tatuati-per-la-dop-sono-in-calo-stefano-borchini-slega\/\" \/>\n<meta property=\"og:locale\" content=\"it_IT\" \/>\n<meta property=\"og:type\" content=\"article\" \/>\n<meta property=\"og:title\" content=\"Il Commento: i Suini Tatuati per la DOP sono in calo [Stefano Borchini, Slega] - TESEO News\" \/>\n<meta property=\"og:description\" content=\"Le rilevazioni indicano che, rispetto ai picchi di met\u00e0 Ottobre, con il prezzo dei suini grassi destinati alle Dop siamo leggermente pi\u00f9 in basso, cos\u00ec come con le quotazioni delle cosce, da un paio di settimane di due centesimi al di sotto dei 6 euro al chilogrammo. Una fase di riassestamento ribassista che non \u00e8 &hellip; Continua a leggere Il Commento: i Suini Tatuati per la DOP sono in calo [Stefano Borchini, Slega]\" \/>\n<meta property=\"og:url\" content=\"https:\/\/teseo.clal.it\/news\/it\/il-commento-i-suini-tatuati-per-la-dop-sono-in-calo-stefano-borchini-slega\/\" \/>\n<meta property=\"og:site_name\" content=\"TESEO News\" \/>\n<meta property=\"article:publisher\" content=\"https:\/\/www.facebook.com\/claldairy\" \/>\n<meta property=\"article:published_time\" content=\"2024-02-19T09:47:44+00:00\" \/>\n<meta property=\"article:modified_time\" content=\"2024-08-02T15:21:20+00:00\" \/>\n<meta property=\"og:image\" content=\"https:\/\/teseo.clal.it\/news\/wp-content\/uploads\/2024\/02\/borchini_slega-300_edited.jpg\" \/>\n<meta name=\"author\" content=\"CLAL Team\" \/>\n<meta name=\"twitter:card\" content=\"summary_large_image\" \/>\n<meta name=\"twitter:creator\" content=\"@claldairy_it\" \/>\n<meta name=\"twitter:site\" content=\"@claldairy_it\" \/>\n<meta name=\"twitter:label1\" content=\"Scritto da\" \/>\n\t<meta name=\"twitter:data1\" content=\"CLAL Team\" \/>\n\t<meta name=\"twitter:label2\" content=\"Tempo di lettura stimato\" \/>\n\t<meta name=\"twitter:data2\" content=\"3 minuti\" \/>\n<script type=\"application\/ld+json\" class=\"yoast-schema-graph\">{\"@context\":\"https:\/\/schema.org\",\"@graph\":[{\"@type\":\"WebPage\",\"@id\":\"https:\/\/teseo.clal.it\/news\/it\/il-commento-i-suini-tatuati-per-la-dop-sono-in-calo-stefano-borchini-slega\/\",\"url\":\"https:\/\/teseo.clal.it\/news\/it\/il-commento-i-suini-tatuati-per-la-dop-sono-in-calo-stefano-borchini-slega\/\",\"name\":\"Il Commento: i Suini Tatuati per la DOP sono in calo [Stefano Borchini, Slega] - TESEO News\",\"isPartOf\":{\"@id\":\"https:\/\/teseo.clal.it\/news\/#website\"},\"primaryImageOfPage\":{\"@id\":\"https:\/\/teseo.clal.it\/news\/it\/il-commento-i-suini-tatuati-per-la-dop-sono-in-calo-stefano-borchini-slega\/#primaryimage\"},\"image\":{\"@id\":\"https:\/\/teseo.clal.it\/news\/it\/il-commento-i-suini-tatuati-per-la-dop-sono-in-calo-stefano-borchini-slega\/#primaryimage\"},\"thumbnailUrl\":\"https:\/\/teseo.clal.it\/news\/wp-content\/uploads\/2024\/02\/borchini_slega-300_edited.jpg\",\"datePublished\":\"2024-02-19T09:47:44+00:00\",\"dateModified\":\"2024-08-02T15:21:20+00:00\",\"author\":{\"@id\":\"https:\/\/teseo.clal.it\/news\/#\/schema\/person\/2fa0435ad88656a2aed2623d9771d0a6\"},\"breadcrumb\":{\"@id\":\"https:\/\/teseo.clal.it\/news\/it\/il-commento-i-suini-tatuati-per-la-dop-sono-in-calo-stefano-borchini-slega\/#breadcrumb\"},\"inLanguage\":\"it-IT\",\"potentialAction\":[{\"@type\":\"ReadAction\",\"target\":[\"https:\/\/teseo.clal.it\/news\/it\/il-commento-i-suini-tatuati-per-la-dop-sono-in-calo-stefano-borchini-slega\/\"]}]},{\"@type\":\"ImageObject\",\"inLanguage\":\"it-IT\",\"@id\":\"https:\/\/teseo.clal.it\/news\/it\/il-commento-i-suini-tatuati-per-la-dop-sono-in-calo-stefano-borchini-slega\/#primaryimage\",\"url\":\"https:\/\/teseo.clal.it\/news\/wp-content\/uploads\/2024\/02\/borchini_slega-300_edited.jpg\",\"contentUrl\":\"https:\/\/teseo.clal.it\/news\/wp-content\/uploads\/2024\/02\/borchini_slega-300_edited.jpg\",\"width\":576,\"height\":576,\"caption\":\"OLYMPUS DIGITAL CAMERA\"},{\"@type\":\"BreadcrumbList\",\"@id\":\"https:\/\/teseo.clal.it\/news\/it\/il-commento-i-suini-tatuati-per-la-dop-sono-in-calo-stefano-borchini-slega\/#breadcrumb\",\"itemListElement\":[{\"@type\":\"ListItem\",\"position\":1,\"name\":\"News\",\"item\":\"https:\/\/teseo.clal.it\/news\/it\/\"},{\"@type\":\"ListItem\",\"position\":2,\"name\":\"Il Commento: i Suini Tatuati per la DOP sono in calo [Stefano Borchini, Slega]\"}]},{\"@type\":\"WebSite\",\"@id\":\"https:\/\/teseo.clal.it\/news\/#website\",\"url\":\"https:\/\/teseo.clal.it\/news\/\",\"name\":\"TESEO News\",\"description\":\"Le News di TESEO by CLAL.it\",\"potentialAction\":[{\"@type\":\"SearchAction\",\"target\":{\"@type\":\"EntryPoint\",\"urlTemplate\":\"https:\/\/teseo.clal.it\/news\/?s={search_term_string}\"},\"query-input\":{\"@type\":\"PropertyValueSpecification\",\"valueRequired\":true,\"valueName\":\"search_term_string\"}}],\"inLanguage\":\"it-IT\"},{\"@type\":\"Person\",\"@id\":\"https:\/\/teseo.clal.it\/news\/#\/schema\/person\/2fa0435ad88656a2aed2623d9771d0a6\",\"name\":\"CLAL Team\",\"image\":{\"@type\":\"ImageObject\",\"inLanguage\":\"it-IT\",\"@id\":\"https:\/\/teseo.clal.it\/news\/#\/schema\/person\/image\/\",\"url\":\"https:\/\/teseo.clal.it\/news\/wp-content\/uploads\/2026\/04\/spiga_132_20260407_facebook-150x150.png\",\"contentUrl\":\"https:\/\/teseo.clal.it\/news\/wp-content\/uploads\/2026\/04\/spiga_132_20260407_facebook-150x150.png\",\"caption\":\"CLAL Team\"},\"description\":\"Il team CLAL.it \u00e8 composto da giovani che, con l'ausilio dell'Informatica, studiano i fenomeni del mercato lattiero-caseario e sviluppano strumenti per offrire agli Operatori del settore una visione complessiva e in tempo reale dell'andamento dei mercati nazionali e internazionali.\",\"url\":\"https:\/\/teseo.clal.it\/news\/author\/clal-team\/\"}]}<\/script>\n<!-- \/ Yoast SEO plugin. -->","yoast_head_json":{"title":"Il Commento: i Suini Tatuati per la DOP sono in calo [Stefano Borchini, Slega] - TESEO News","robots":{"index":"index","follow":"follow","max-snippet":"max-snippet:-1","max-image-preview":"max-image-preview:large","max-video-preview":"max-video-preview:-1"},"canonical":"https:\/\/teseo.clal.it\/news\/it\/il-commento-i-suini-tatuati-per-la-dop-sono-in-calo-stefano-borchini-slega\/","og_locale":"it_IT","og_type":"article","og_title":"Il Commento: i Suini Tatuati per la DOP sono in calo [Stefano Borchini, Slega] - TESEO News","og_description":"Le rilevazioni indicano che, rispetto ai picchi di met\u00e0 Ottobre, con il prezzo dei suini grassi destinati alle Dop siamo leggermente pi\u00f9 in basso, cos\u00ec come con le quotazioni delle cosce, da un paio di settimane di due centesimi al di sotto dei 6 euro al chilogrammo. Una fase di riassestamento ribassista che non \u00e8 &hellip; Continua a leggere Il Commento: i Suini Tatuati per la DOP sono in calo [Stefano Borchini, Slega]","og_url":"https:\/\/teseo.clal.it\/news\/it\/il-commento-i-suini-tatuati-per-la-dop-sono-in-calo-stefano-borchini-slega\/","og_site_name":"TESEO News","article_publisher":"https:\/\/www.facebook.com\/claldairy","article_published_time":"2024-02-19T09:47:44+00:00","article_modified_time":"2024-08-02T15:21:20+00:00","og_image":[{"url":"https:\/\/teseo.clal.it\/news\/wp-content\/uploads\/2024\/02\/borchini_slega-300_edited.jpg","type":"","width":"","height":""}],"author":"CLAL Team","twitter_card":"summary_large_image","twitter_creator":"@claldairy_it","twitter_site":"@claldairy_it","twitter_misc":{"Scritto da":"CLAL Team","Tempo di lettura stimato":"3 minuti"},"schema":{"@context":"https:\/\/schema.org","@graph":[{"@type":"WebPage","@id":"https:\/\/teseo.clal.it\/news\/it\/il-commento-i-suini-tatuati-per-la-dop-sono-in-calo-stefano-borchini-slega\/","url":"https:\/\/teseo.clal.it\/news\/it\/il-commento-i-suini-tatuati-per-la-dop-sono-in-calo-stefano-borchini-slega\/","name":"Il Commento: i Suini Tatuati per la DOP sono in calo [Stefano Borchini, Slega] - TESEO News","isPartOf":{"@id":"https:\/\/teseo.clal.it\/news\/#website"},"primaryImageOfPage":{"@id":"https:\/\/teseo.clal.it\/news\/it\/il-commento-i-suini-tatuati-per-la-dop-sono-in-calo-stefano-borchini-slega\/#primaryimage"},"image":{"@id":"https:\/\/teseo.clal.it\/news\/it\/il-commento-i-suini-tatuati-per-la-dop-sono-in-calo-stefano-borchini-slega\/#primaryimage"},"thumbnailUrl":"https:\/\/teseo.clal.it\/news\/wp-content\/uploads\/2024\/02\/borchini_slega-300_edited.jpg","datePublished":"2024-02-19T09:47:44+00:00","dateModified":"2024-08-02T15:21:20+00:00","author":{"@id":"https:\/\/teseo.clal.it\/news\/#\/schema\/person\/2fa0435ad88656a2aed2623d9771d0a6"},"breadcrumb":{"@id":"https:\/\/teseo.clal.it\/news\/it\/il-commento-i-suini-tatuati-per-la-dop-sono-in-calo-stefano-borchini-slega\/#breadcrumb"},"inLanguage":"it-IT","potentialAction":[{"@type":"ReadAction","target":["https:\/\/teseo.clal.it\/news\/it\/il-commento-i-suini-tatuati-per-la-dop-sono-in-calo-stefano-borchini-slega\/"]}]},{"@type":"ImageObject","inLanguage":"it-IT","@id":"https:\/\/teseo.clal.it\/news\/it\/il-commento-i-suini-tatuati-per-la-dop-sono-in-calo-stefano-borchini-slega\/#primaryimage","url":"https:\/\/teseo.clal.it\/news\/wp-content\/uploads\/2024\/02\/borchini_slega-300_edited.jpg","contentUrl":"https:\/\/teseo.clal.it\/news\/wp-content\/uploads\/2024\/02\/borchini_slega-300_edited.jpg","width":576,"height":576,"caption":"OLYMPUS DIGITAL CAMERA"},{"@type":"BreadcrumbList","@id":"https:\/\/teseo.clal.it\/news\/it\/il-commento-i-suini-tatuati-per-la-dop-sono-in-calo-stefano-borchini-slega\/#breadcrumb","itemListElement":[{"@type":"ListItem","position":1,"name":"News","item":"https:\/\/teseo.clal.it\/news\/it\/"},{"@type":"ListItem","position":2,"name":"Il Commento: i Suini Tatuati per la DOP sono in calo [Stefano Borchini, Slega]"}]},{"@type":"WebSite","@id":"https:\/\/teseo.clal.it\/news\/#website","url":"https:\/\/teseo.clal.it\/news\/","name":"TESEO News","description":"Le News di TESEO by CLAL.it","potentialAction":[{"@type":"SearchAction","target":{"@type":"EntryPoint","urlTemplate":"https:\/\/teseo.clal.it\/news\/?s={search_term_string}"},"query-input":{"@type":"PropertyValueSpecification","valueRequired":true,"valueName":"search_term_string"}}],"inLanguage":"it-IT"},{"@type":"Person","@id":"https:\/\/teseo.clal.it\/news\/#\/schema\/person\/2fa0435ad88656a2aed2623d9771d0a6","name":"CLAL Team","image":{"@type":"ImageObject","inLanguage":"it-IT","@id":"https:\/\/teseo.clal.it\/news\/#\/schema\/person\/image\/","url":"https:\/\/teseo.clal.it\/news\/wp-content\/uploads\/2026\/04\/spiga_132_20260407_facebook-150x150.png","contentUrl":"https:\/\/teseo.clal.it\/news\/wp-content\/uploads\/2026\/04\/spiga_132_20260407_facebook-150x150.png","caption":"CLAL Team"},"description":"Il team CLAL.it \u00e8 composto da giovani che, con l'ausilio dell'Informatica, studiano i fenomeni del mercato lattiero-caseario e sviluppano strumenti per offrire agli Operatori del settore una visione complessiva e in tempo reale dell'andamento dei mercati nazionali e internazionali.","url":"https:\/\/teseo.clal.it\/news\/author\/clal-team\/"}]}},"_links":{"self":[{"href":"https:\/\/teseo.clal.it\/news\/wp-json\/wp\/v2\/posts\/8374","targetHints":{"allow":["GET"]}}],"collection":[{"href":"https:\/\/teseo.clal.it\/news\/wp-json\/wp\/v2\/posts"}],"about":[{"href":"https:\/\/teseo.clal.it\/news\/wp-json\/wp\/v2\/types\/post"}],"author":[{"embeddable":true,"href":"https:\/\/teseo.clal.it\/news\/wp-json\/wp\/v2\/users\/3"}],"replies":[{"embeddable":true,"href":"https:\/\/teseo.clal.it\/news\/wp-json\/wp\/v2\/comments?post=8374"}],"version-history":[{"count":8,"href":"https:\/\/teseo.clal.it\/news\/wp-json\/wp\/v2\/posts\/8374\/revisions"}],"predecessor-version":[{"id":8384,"href":"https:\/\/teseo.clal.it\/news\/wp-json\/wp\/v2\/posts\/8374\/revisions\/8384"}],"wp:attachment":[{"href":"https:\/\/teseo.clal.it\/news\/wp-json\/wp\/v2\/media?parent=8374"}],"wp:term":[{"taxonomy":"category","embeddable":true,"href":"https:\/\/teseo.clal.it\/news\/wp-json\/wp\/v2\/categories?post=8374"},{"taxonomy":"post_tag","embeddable":true,"href":"https:\/\/teseo.clal.it\/news\/wp-json\/wp\/v2\/tags?post=8374"}],"curies":[{"name":"wp","href":"https:\/\/api.w.org\/{rel}","templated":true}]}}